{"id":3302,"date":"2024-01-03T15:53:44","date_gmt":"2024-01-03T20:53:44","guid":{"rendered":"https:\/\/gadprdanielcordovatoral.gob.ec\/azuay2\/?p=3302"},"modified":"2024-01-03T16:09:57","modified_gmt":"2024-01-03T21:09:57","slug":"recuperacion-via-principal-a-daniel-cordova","status":"publish","type":"post","link":"https:\/\/gadprdanielcordovatoral.gob.ec\/azuay2\/?p=3302","title":{"rendered":"Recuperaci\u00f3n V\u00eda Principal a Daniel C\u00f3rdova"},"content":{"rendered":"<p style=\"text-align: justify;\"><img fetchpriority=\"high\" decoding=\"async\" class=\"size-medium wp-image-3303 aligncenter\" src=\"https:\/\/gadprdanielcordovatoral.gob.ec\/azuay2\/wp-content\/uploads\/2024\/01\/WhatsApp-Image-2024-01-03-at-13.10.21-550x365.jpeg\" alt=\"\" width=\"550\" height=\"365\" srcset=\"https:\/\/gadprdanielcordovatoral.gob.ec\/azuay2\/wp-content\/uploads\/2024\/01\/WhatsApp-Image-2024-01-03-at-13.10.21-550x365.jpeg 550w, https:\/\/gadprdanielcordovatoral.gob.ec\/azuay2\/wp-content\/uploads\/2024\/01\/WhatsApp-Image-2024-01-03-at-13.10.21-1024x680.jpeg 1024w, https:\/\/gadprdanielcordovatoral.gob.ec\/azuay2\/wp-content\/uploads\/2024\/01\/WhatsApp-Image-2024-01-03-at-13.10.21-768x510.jpeg 768w, https:\/\/gadprdanielcordovatoral.gob.ec\/azuay2\/wp-content\/uploads\/2024\/01\/WhatsApp-Image-2024-01-03-at-13.10.21-1536x1020.jpeg 1536w, https:\/\/gadprdanielcordovatoral.gob.ec\/azuay2\/wp-content\/uploads\/2024\/01\/WhatsApp-Image-2024-01-03-at-13.10.21.jpeg 1600w\" sizes=\"(max-width: 550px) 100vw, 550px\" \/><\/p>\n<p style=\"text-align: justify;\">Luego de la primera visita de la directora de vialidad, se procedi\u00f3 con el arreglo de las partes criticas de la via principal a nuestra parroquia que conecta Luis Cordero, Daniel C\u00f3rdova y Mariano Moreno.<\/p>\n<p><img decoding=\"async\" class=\"alignnone wp-image-3304\" src=\"https:\/\/gadprdanielcordovatoral.gob.ec\/azuay2\/wp-content\/uploads\/2024\/01\/WhatsApp-Image-2024-01-03-at-13.09.31-550x411.jpeg\" alt=\"\" width=\"348\" height=\"260\" srcset=\"https:\/\/gadprdanielcordovatoral.gob.ec\/azuay2\/wp-content\/uploads\/2024\/01\/WhatsApp-Image-2024-01-03-at-13.09.31-550x411.jpeg 550w, https:\/\/gadprdanielcordovatoral.gob.ec\/azuay2\/wp-content\/uploads\/2024\/01\/WhatsApp-Image-2024-01-03-at-13.09.31-1024x766.jpeg 1024w, https:\/\/gadprdanielcordovatoral.gob.ec\/azuay2\/wp-content\/uploads\/2024\/01\/WhatsApp-Image-2024-01-03-at-13.09.31-768x575.jpeg 768w, https:\/\/gadprdanielcordovatoral.gob.ec\/azuay2\/wp-content\/uploads\/2024\/01\/WhatsApp-Image-2024-01-03-at-13.09.31-1536x1149.jpeg 1536w, https:\/\/gadprdanielcordovatoral.gob.ec\/azuay2\/wp-content\/uploads\/2024\/01\/WhatsApp-Image-2024-01-03-at-13.09.31.jpeg 1600w\" sizes=\"(max-width: 348px) 100vw, 348px\" \/><img decoding=\"async\" class=\"alignnone wp-image-3305\" src=\"https:\/\/gadprdanielcordovatoral.gob.ec\/azuay2\/wp-content\/uploads\/2024\/01\/WhatsApp-Image-2024-01-03-at-13.10.21-1-550x367.jpeg\" alt=\"\" width=\"390\" height=\"260\" srcset=\"https:\/\/gadprdanielcordovatoral.gob.ec\/azuay2\/wp-content\/uploads\/2024\/01\/WhatsApp-Image-2024-01-03-at-13.10.21-1-550x367.jpeg 550w, https:\/\/gadprdanielcordovatoral.gob.ec\/azuay2\/wp-content\/uploads\/2024\/01\/WhatsApp-Image-2024-01-03-at-13.10.21-1-1024x684.jpeg 1024w, https:\/\/gadprdanielcordovatoral.gob.ec\/azuay2\/wp-content\/uploads\/2024\/01\/WhatsApp-Image-2024-01-03-at-13.10.21-1-768x513.jpeg 768w, https:\/\/gadprdanielcordovatoral.gob.ec\/azuay2\/wp-content\/uploads\/2024\/01\/WhatsApp-Image-2024-01-03-at-13.10.21-1-1536x1025.jpeg 1536w, https:\/\/gadprdanielcordovatoral.gob.ec\/azuay2\/wp-content\/uploads\/2024\/01\/WhatsApp-Image-2024-01-03-at-13.10.21-1.jpeg 1600w\" sizes=\"(max-width: 390px) 100vw, 390px\" \/><img loading=\"lazy\" decoding=\"async\" class=\"alignnone wp-image-3306\" src=\"https:\/\/gadprdanielcordovatoral.gob.ec\/azuay2\/wp-content\/uploads\/2024\/01\/WhatsApp-Image-2024-01-03-at-13.10.21-2-550x365.jpeg\" alt=\"\" width=\"392\" height=\"260\" srcset=\"https:\/\/gadprdanielcordovatoral.gob.ec\/azuay2\/wp-content\/uploads\/2024\/01\/WhatsApp-Image-2024-01-03-at-13.10.21-2-550x365.jpeg 550w, https:\/\/gadprdanielcordovatoral.gob.ec\/azuay2\/wp-content\/uploads\/2024\/01\/WhatsApp-Image-2024-01-03-at-13.10.21-2-1024x680.jpeg 1024w, https:\/\/gadprdanielcordovatoral.gob.ec\/azuay2\/wp-content\/uploads\/2024\/01\/WhatsApp-Image-2024-01-03-at-13.10.21-2-768x510.jpeg 768w, https:\/\/gadprdanielcordovatoral.gob.ec\/azuay2\/wp-content\/uploads\/2024\/01\/WhatsApp-Image-2024-01-03-at-13.10.21-2-1536x1020.jpeg 1536w, https:\/\/gadprdanielcordovatoral.gob.ec\/azuay2\/wp-content\/uploads\/2024\/01\/WhatsApp-Image-2024-01-03-at-13.10.21-2.jpeg 1600w\" sizes=\"(max-width: 392px) 100vw, 392px\" \/><\/p>\n<p style=\"text-align: justify;\">Una vez acabado la primera etapa se procedi\u00f3 a la limpieza de toda la v\u00eda, durante 3 semanas las juntas de agua potable realizaron mingas para poder recuperar tramos importantes de la v\u00eda. La limpieza se realiz\u00f3 desde la Y de Guayal\u00e1n alto hasta la Parroquia Mariano Moreno.<\/p>\n<div  class=\"lgc-column lgc-grid-parent lgc-grid-50 lgc-tablet-grid-50 lgc-mobile-grid-100 lgc-equal-heights \"><div  class=\"inside-grid-column\">\n<p><img loading=\"lazy\" decoding=\"async\" class=\"wp-image-3312 aligncenter\" src=\"https:\/\/gadprdanielcordovatoral.gob.ec\/azuay2\/wp-content\/uploads\/2024\/01\/WhatsApp-Image-2024-01-03-at-13.09.31-1-550x413.jpeg\" alt=\"\" width=\"347\" height=\"260\" srcset=\"https:\/\/gadprdanielcordovatoral.gob.ec\/azuay2\/wp-content\/uploads\/2024\/01\/WhatsApp-Image-2024-01-03-at-13.09.31-1-550x413.jpeg 550w, https:\/\/gadprdanielcordovatoral.gob.ec\/azuay2\/wp-content\/uploads\/2024\/01\/WhatsApp-Image-2024-01-03-at-13.09.31-1-1024x768.jpeg 1024w, https:\/\/gadprdanielcordovatoral.gob.ec\/azuay2\/wp-content\/uploads\/2024\/01\/WhatsApp-Image-2024-01-03-at-13.09.31-1-768x576.jpeg 768w, https:\/\/gadprdanielcordovatoral.gob.ec\/azuay2\/wp-content\/uploads\/2024\/01\/WhatsApp-Image-2024-01-03-at-13.09.31-1.jpeg 1280w\" sizes=\"(max-width: 347px) 100vw, 347px\" \/><\/p>\n<\/div><\/div>\n<div  class=\"lgc-column lgc-grid-parent lgc-grid-50 lgc-tablet-grid-50 lgc-mobile-grid-100 lgc-equal-heights \"><div  class=\"inside-grid-column\">\n<p><img loading=\"lazy\" decoding=\"async\" class=\"wp-image-3313 aligncenter\" src=\"https:\/\/gadprdanielcordovatoral.gob.ec\/azuay2\/wp-content\/uploads\/2024\/01\/WhatsApp-Image-2024-01-03-at-13.09.32-550x413.jpeg\" alt=\"\" width=\"347\" height=\"260\" srcset=\"https:\/\/gadprdanielcordovatoral.gob.ec\/azuay2\/wp-content\/uploads\/2024\/01\/WhatsApp-Image-2024-01-03-at-13.09.32-550x413.jpeg 550w, https:\/\/gadprdanielcordovatoral.gob.ec\/azuay2\/wp-content\/uploads\/2024\/01\/WhatsApp-Image-2024-01-03-at-13.09.32-1024x768.jpeg 1024w, https:\/\/gadprdanielcordovatoral.gob.ec\/azuay2\/wp-content\/uploads\/2024\/01\/WhatsApp-Image-2024-01-03-at-13.09.32-768x576.jpeg 768w, https:\/\/gadprdanielcordovatoral.gob.ec\/azuay2\/wp-content\/uploads\/2024\/01\/WhatsApp-Image-2024-01-03-at-13.09.32-1536x1152.jpeg 1536w, https:\/\/gadprdanielcordovatoral.gob.ec\/azuay2\/wp-content\/uploads\/2024\/01\/WhatsApp-Image-2024-01-03-at-13.09.32.jpeg 1600w\" sizes=\"(max-width: 347px) 100vw, 347px\" \/><\/p>\n<\/div><\/div>\n<p style=\"text-align: justify;\">Como parte de la recuperaci\u00f3n de la v\u00eda, tambi\u00e9n se procedi\u00f3 a colocar rompe velocidades ofrecidos por la Prefectura del Azuay, para controlar la circulaci\u00f3n de los carros y as\u00ed evitar accidentes de tr\u00e1nsito.<br \/>\nToda la recuperaci\u00f3n de esta v\u00eda se lo ha realizado en trabajo en conjunto con la Prefectura del Azuay quienes nos han brindado gran apoyo para que este proyecto se realice.<\/p>\n<p><a href=\"https:\/\/gadprdanielcordovatoral.gob.ec\/azuay2\/?p=97\"><img loading=\"lazy\" decoding=\"async\" class=\"aligncenter wp-image-3152 size-large\" src=\"https:\/\/gadprdanielcordovatoral.gob.ec\/azuay2\/wp-content\/uploads\/2023\/08\/JG-10-e1692919463573-1024x201.png\" alt=\"\" width=\"1024\" height=\"201\" srcset=\"https:\/\/gadprdanielcordovatoral.gob.ec\/azuay2\/wp-content\/uploads\/2023\/08\/JG-10-e1692919463573-1024x201.png 1024w, https:\/\/gadprdanielcordovatoral.gob.ec\/azuay2\/wp-content\/uploads\/2023\/08\/JG-10-e1692919463573-550x108.png 550w, https:\/\/gadprdanielcordovatoral.gob.ec\/azuay2\/wp-content\/uploads\/2023\/08\/JG-10-e1692919463573-768x151.png 768w, https:\/\/gadprdanielcordovatoral.gob.ec\/azuay2\/wp-content\/uploads\/2023\/08\/JG-10-e1692919463573-1536x302.png 1536w, https:\/\/gadprdanielcordovatoral.gob.ec\/azuay2\/wp-content\/uploads\/2023\/08\/JG-10-e1692919463573-2048x403.png 2048w\" sizes=\"(max-width: 1024px) 100vw, 1024px\" \/><\/a><\/p>\n","protected":false},"excerpt":{"rendered":"<p>Luego de la primera visita de la directora de vialidad, se procedi\u00f3 con el arreglo de las partes criticas de la via principal a nuestra parroquia que conecta Luis Cordero, Daniel C\u00f3rdova y Mariano Moreno. Una vez acabado la primera etapa se procedi\u00f3 a la limpieza de toda la v\u00eda, durante 3 semanas las juntas [&hellip;]<\/p>\n","protected":false},"author":6,"featured_media":3303,"comment_status":"closed","ping_status":"closed","sticky":false,"template":"","format":"standard","meta":{"footnotes":""},"categories":[1],"tags":[],"class_list":["post-3302","post","type-post","status-publish","format-standard","has-post-thumbnail","hentry","category-sin-categoria"],"yoast_head":"<!-- This site is optimized with the Yoast SEO plugin v27.5 - https:\/\/yoast.com\/product\/yoast-seo-wordpress\/ -->\n<title>Recuperaci\u00f3n V\u00eda Principal a Daniel C\u00f3rdova -<\/title>\n<meta name=\"robots\" content=\"index, follow, max-snippet:-1, max-image-preview:large, max-video-preview:-1\" \/>\n<link rel=\"canonical\" href=\"https:\/\/gadprdanielcordovatoral.gob.ec\/azuay2\/?p=3302\" \/>\n<meta property=\"og:locale\" content=\"es_ES\" \/>\n<meta property=\"og:type\" content=\"article\" \/>\n<meta property=\"og:title\" content=\"Recuperaci\u00f3n V\u00eda Principal a Daniel C\u00f3rdova -\" \/>\n<meta property=\"og:description\" content=\"Luego de la primera visita de la directora de vialidad, se procedi\u00f3 con el arreglo de las partes criticas de la via principal a nuestra parroquia que conecta Luis Cordero, Daniel C\u00f3rdova y Mariano Moreno. Una vez acabado la primera etapa se procedi\u00f3 a la limpieza de toda la v\u00eda, durante 3 semanas las juntas [&hellip;]\" \/>\n<meta property=\"og:url\" content=\"https:\/\/gadprdanielcordovatoral.gob.ec\/azuay2\/?p=3302\" \/>\n<meta property=\"article:published_time\" content=\"2024-01-03T20:53:44+00:00\" \/>\n<meta property=\"article:modified_time\" content=\"2024-01-03T21:09:57+00:00\" \/>\n<meta property=\"og:image\" content=\"https:\/\/gadprdanielcordovatoral.gob.ec\/azuay2\/wp-content\/uploads\/2024\/01\/WhatsApp-Image-2024-01-03-at-13.10.21.jpeg\" \/>\n\t<meta property=\"og:image:width\" content=\"1600\" \/>\n\t<meta property=\"og:image:height\" content=\"1063\" \/>\n\t<meta property=\"og:image:type\" content=\"image\/jpeg\" \/>\n<meta name=\"author\" content=\"agadprdanielcordovatoral\" \/>\n<meta name=\"twitter:card\" content=\"summary_large_image\" \/>\n<meta name=\"twitter:label1\" content=\"Escrito por\" \/>\n\t<meta name=\"twitter:data1\" content=\"agadprdanielcordovatoral\" \/>\n\t<meta name=\"twitter:label2\" content=\"Tiempo de lectura\" \/>\n\t<meta name=\"twitter:data2\" content=\"3 minutos\" \/>\n<script type=\"application\/ld+json\" class=\"yoast-schema-graph\">{\"@context\":\"https:\\\/\\\/schema.org\",\"@graph\":[{\"@type\":\"Article\",\"@id\":\"https:\\\/\\\/gadprdanielcordovatoral.gob.ec\\\/azuay2\\\/?p=3302#article\",\"isPartOf\":{\"@id\":\"https:\\\/\\\/gadprdanielcordovatoral.gob.ec\\\/azuay2\\\/?p=3302\"},\"author\":{\"name\":\"agadprdanielcordovatoral\",\"@id\":\"https:\\\/\\\/gadprdanielcordovatoral.gob.ec\\\/azuay2\\\/#\\\/schema\\\/person\\\/3ccb87d36bf215506e8ffb471fd83352\"},\"headline\":\"Recuperaci\u00f3n V\u00eda Principal a Daniel C\u00f3rdova\",\"datePublished\":\"2024-01-03T20:53:44+00:00\",\"dateModified\":\"2024-01-03T21:09:57+00:00\",\"mainEntityOfPage\":{\"@id\":\"https:\\\/\\\/gadprdanielcordovatoral.gob.ec\\\/azuay2\\\/?p=3302\"},\"wordCount\":189,\"publisher\":{\"@id\":\"https:\\\/\\\/gadprdanielcordovatoral.gob.ec\\\/azuay2\\\/#organization\"},\"image\":{\"@id\":\"https:\\\/\\\/gadprdanielcordovatoral.gob.ec\\\/azuay2\\\/?p=3302#primaryimage\"},\"thumbnailUrl\":\"https:\\\/\\\/gadprdanielcordovatoral.gob.ec\\\/azuay2\\\/wp-content\\\/uploads\\\/2024\\\/01\\\/WhatsApp-Image-2024-01-03-at-13.10.21.jpeg\",\"inLanguage\":\"es\"},{\"@type\":\"WebPage\",\"@id\":\"https:\\\/\\\/gadprdanielcordovatoral.gob.ec\\\/azuay2\\\/?p=3302\",\"url\":\"https:\\\/\\\/gadprdanielcordovatoral.gob.ec\\\/azuay2\\\/?p=3302\",\"name\":\"Recuperaci\u00f3n V\u00eda Principal a Daniel C\u00f3rdova -\",\"isPartOf\":{\"@id\":\"https:\\\/\\\/gadprdanielcordovatoral.gob.ec\\\/azuay2\\\/#website\"},\"primaryImageOfPage\":{\"@id\":\"https:\\\/\\\/gadprdanielcordovatoral.gob.ec\\\/azuay2\\\/?p=3302#primaryimage\"},\"image\":{\"@id\":\"https:\\\/\\\/gadprdanielcordovatoral.gob.ec\\\/azuay2\\\/?p=3302#primaryimage\"},\"thumbnailUrl\":\"https:\\\/\\\/gadprdanielcordovatoral.gob.ec\\\/azuay2\\\/wp-content\\\/uploads\\\/2024\\\/01\\\/WhatsApp-Image-2024-01-03-at-13.10.21.jpeg\",\"datePublished\":\"2024-01-03T20:53:44+00:00\",\"dateModified\":\"2024-01-03T21:09:57+00:00\",\"breadcrumb\":{\"@id\":\"https:\\\/\\\/gadprdanielcordovatoral.gob.ec\\\/azuay2\\\/?p=3302#breadcrumb\"},\"inLanguage\":\"es\",\"potentialAction\":[{\"@type\":\"ReadAction\",\"target\":[\"https:\\\/\\\/gadprdanielcordovatoral.gob.ec\\\/azuay2\\\/?p=3302\"]}]},{\"@type\":\"ImageObject\",\"inLanguage\":\"es\",\"@id\":\"https:\\\/\\\/gadprdanielcordovatoral.gob.ec\\\/azuay2\\\/?p=3302#primaryimage\",\"url\":\"https:\\\/\\\/gadprdanielcordovatoral.gob.ec\\\/azuay2\\\/wp-content\\\/uploads\\\/2024\\\/01\\\/WhatsApp-Image-2024-01-03-at-13.10.21.jpeg\",\"contentUrl\":\"https:\\\/\\\/gadprdanielcordovatoral.gob.ec\\\/azuay2\\\/wp-content\\\/uploads\\\/2024\\\/01\\\/WhatsApp-Image-2024-01-03-at-13.10.21.jpeg\",\"width\":1600,\"height\":1063},{\"@type\":\"BreadcrumbList\",\"@id\":\"https:\\\/\\\/gadprdanielcordovatoral.gob.ec\\\/azuay2\\\/?p=3302#breadcrumb\",\"itemListElement\":[{\"@type\":\"ListItem\",\"position\":1,\"name\":\"Home\",\"item\":\"https:\\\/\\\/gadprdanielcordovatoral.gob.ec\\\/azuay2\\\/\"},{\"@type\":\"ListItem\",\"position\":2,\"name\":\"Recuperaci\u00f3n V\u00eda Principal a Daniel C\u00f3rdova\"}]},{\"@type\":\"WebSite\",\"@id\":\"https:\\\/\\\/gadprdanielcordovatoral.gob.ec\\\/azuay2\\\/#website\",\"url\":\"https:\\\/\\\/gadprdanielcordovatoral.gob.ec\\\/azuay2\\\/\",\"name\":\"GAD Parroquial de Daniel C\u00f3rdova Toral\",\"description\":\"Sitio Oficial del GAD Parroquial Daniel C\u00f3rdova Toral Azuay\",\"publisher\":{\"@id\":\"https:\\\/\\\/gadprdanielcordovatoral.gob.ec\\\/azuay2\\\/#organization\"},\"potentialAction\":[{\"@type\":\"SearchAction\",\"target\":{\"@type\":\"EntryPoint\",\"urlTemplate\":\"https:\\\/\\\/gadprdanielcordovatoral.gob.ec\\\/azuay2\\\/?s={search_term_string}\"},\"query-input\":{\"@type\":\"PropertyValueSpecification\",\"valueRequired\":true,\"valueName\":\"search_term_string\"}}],\"inLanguage\":\"es\"},{\"@type\":\"Organization\",\"@id\":\"https:\\\/\\\/gadprdanielcordovatoral.gob.ec\\\/azuay2\\\/#organization\",\"name\":\"GAD Parroquial de Daniel Cordova Toral\",\"url\":\"https:\\\/\\\/gadprdanielcordovatoral.gob.ec\\\/azuay2\\\/\",\"logo\":{\"@type\":\"ImageObject\",\"inLanguage\":\"es\",\"@id\":\"https:\\\/\\\/gadprdanielcordovatoral.gob.ec\\\/azuay2\\\/#\\\/schema\\\/logo\\\/image\\\/\",\"url\":\"https:\\\/\\\/gadprdanielcordovatoral.gob.ec\\\/azuay2\\\/wp-content\\\/uploads\\\/2020\\\/07\\\/logoFooter.png\",\"contentUrl\":\"https:\\\/\\\/gadprdanielcordovatoral.gob.ec\\\/azuay2\\\/wp-content\\\/uploads\\\/2020\\\/07\\\/logoFooter.png\",\"width\":200,\"height\":150,\"caption\":\"GAD Parroquial de Daniel Cordova Toral\"},\"image\":{\"@id\":\"https:\\\/\\\/gadprdanielcordovatoral.gob.ec\\\/azuay2\\\/#\\\/schema\\\/logo\\\/image\\\/\"}},{\"@type\":\"Person\",\"@id\":\"https:\\\/\\\/gadprdanielcordovatoral.gob.ec\\\/azuay2\\\/#\\\/schema\\\/person\\\/3ccb87d36bf215506e8ffb471fd83352\",\"name\":\"agadprdanielcordovatoral\",\"image\":{\"@type\":\"ImageObject\",\"inLanguage\":\"es\",\"@id\":\"https:\\\/\\\/secure.gravatar.com\\\/avatar\\\/b7ceb8d4252728c0b1d1cd3b9cad0763b9c634e606648daa884e5ee6d60d6ebc?s=96&d=mm&r=g\",\"url\":\"https:\\\/\\\/secure.gravatar.com\\\/avatar\\\/b7ceb8d4252728c0b1d1cd3b9cad0763b9c634e606648daa884e5ee6d60d6ebc?s=96&d=mm&r=g\",\"contentUrl\":\"https:\\\/\\\/secure.gravatar.com\\\/avatar\\\/b7ceb8d4252728c0b1d1cd3b9cad0763b9c634e606648daa884e5ee6d60d6ebc?s=96&d=mm&r=g\",\"caption\":\"agadprdanielcordovatoral\"},\"url\":\"https:\\\/\\\/gadprdanielcordovatoral.gob.ec\\\/azuay2\\\/?author=6\"}]}<\/script>\n<!-- \/ Yoast SEO plugin. -->","yoast_head_json":{"title":"Recuperaci\u00f3n V\u00eda Principal a Daniel C\u00f3rdova -","robots":{"index":"index","follow":"follow","max-snippet":"max-snippet:-1","max-image-preview":"max-image-preview:large","max-video-preview":"max-video-preview:-1"},"canonical":"https:\/\/gadprdanielcordovatoral.gob.ec\/azuay2\/?p=3302","og_locale":"es_ES","og_type":"article","og_title":"Recuperaci\u00f3n V\u00eda Principal a Daniel C\u00f3rdova -","og_description":"Luego de la primera visita de la directora de vialidad, se procedi\u00f3 con el arreglo de las partes criticas de la via principal a nuestra parroquia que conecta Luis Cordero, Daniel C\u00f3rdova y Mariano Moreno. Una vez acabado la primera etapa se procedi\u00f3 a la limpieza de toda la v\u00eda, durante 3 semanas las juntas [&hellip;]","og_url":"https:\/\/gadprdanielcordovatoral.gob.ec\/azuay2\/?p=3302","article_published_time":"2024-01-03T20:53:44+00:00","article_modified_time":"2024-01-03T21:09:57+00:00","og_image":[{"width":1600,"height":1063,"url":"https:\/\/gadprdanielcordovatoral.gob.ec\/azuay2\/wp-content\/uploads\/2024\/01\/WhatsApp-Image-2024-01-03-at-13.10.21.jpeg","type":"image\/jpeg"}],"author":"agadprdanielcordovatoral","twitter_card":"summary_large_image","twitter_misc":{"Escrito por":"agadprdanielcordovatoral","Tiempo de lectura":"3 minutos"},"schema":{"@context":"https:\/\/schema.org","@graph":[{"@type":"Article","@id":"https:\/\/gadprdanielcordovatoral.gob.ec\/azuay2\/?p=3302#article","isPartOf":{"@id":"https:\/\/gadprdanielcordovatoral.gob.ec\/azuay2\/?p=3302"},"author":{"name":"agadprdanielcordovatoral","@id":"https:\/\/gadprdanielcordovatoral.gob.ec\/azuay2\/#\/schema\/person\/3ccb87d36bf215506e8ffb471fd83352"},"headline":"Recuperaci\u00f3n V\u00eda Principal a Daniel C\u00f3rdova","datePublished":"2024-01-03T20:53:44+00:00","dateModified":"2024-01-03T21:09:57+00:00","mainEntityOfPage":{"@id":"https:\/\/gadprdanielcordovatoral.gob.ec\/azuay2\/?p=3302"},"wordCount":189,"publisher":{"@id":"https:\/\/gadprdanielcordovatoral.gob.ec\/azuay2\/#organization"},"image":{"@id":"https:\/\/gadprdanielcordovatoral.gob.ec\/azuay2\/?p=3302#primaryimage"},"thumbnailUrl":"https:\/\/gadprdanielcordovatoral.gob.ec\/azuay2\/wp-content\/uploads\/2024\/01\/WhatsApp-Image-2024-01-03-at-13.10.21.jpeg","inLanguage":"es"},{"@type":"WebPage","@id":"https:\/\/gadprdanielcordovatoral.gob.ec\/azuay2\/?p=3302","url":"https:\/\/gadprdanielcordovatoral.gob.ec\/azuay2\/?p=3302","name":"Recuperaci\u00f3n V\u00eda Principal a Daniel C\u00f3rdova -","isPartOf":{"@id":"https:\/\/gadprdanielcordovatoral.gob.ec\/azuay2\/#website"},"primaryImageOfPage":{"@id":"https:\/\/gadprdanielcordovatoral.gob.ec\/azuay2\/?p=3302#primaryimage"},"image":{"@id":"https:\/\/gadprdanielcordovatoral.gob.ec\/azuay2\/?p=3302#primaryimage"},"thumbnailUrl":"https:\/\/gadprdanielcordovatoral.gob.ec\/azuay2\/wp-content\/uploads\/2024\/01\/WhatsApp-Image-2024-01-03-at-13.10.21.jpeg","datePublished":"2024-01-03T20:53:44+00:00","dateModified":"2024-01-03T21:09:57+00:00","breadcrumb":{"@id":"https:\/\/gadprdanielcordovatoral.gob.ec\/azuay2\/?p=3302#breadcrumb"},"inLanguage":"es","potentialAction":[{"@type":"ReadAction","target":["https:\/\/gadprdanielcordovatoral.gob.ec\/azuay2\/?p=3302"]}]},{"@type":"ImageObject","inLanguage":"es","@id":"https:\/\/gadprdanielcordovatoral.gob.ec\/azuay2\/?p=3302#primaryimage","url":"https:\/\/gadprdanielcordovatoral.gob.ec\/azuay2\/wp-content\/uploads\/2024\/01\/WhatsApp-Image-2024-01-03-at-13.10.21.jpeg","contentUrl":"https:\/\/gadprdanielcordovatoral.gob.ec\/azuay2\/wp-content\/uploads\/2024\/01\/WhatsApp-Image-2024-01-03-at-13.10.21.jpeg","width":1600,"height":1063},{"@type":"BreadcrumbList","@id":"https:\/\/gadprdanielcordovatoral.gob.ec\/azuay2\/?p=3302#breadcrumb","itemListElement":[{"@type":"ListItem","position":1,"name":"Home","item":"https:\/\/gadprdanielcordovatoral.gob.ec\/azuay2\/"},{"@type":"ListItem","position":2,"name":"Recuperaci\u00f3n V\u00eda Principal a Daniel C\u00f3rdova"}]},{"@type":"WebSite","@id":"https:\/\/gadprdanielcordovatoral.gob.ec\/azuay2\/#website","url":"https:\/\/gadprdanielcordovatoral.gob.ec\/azuay2\/","name":"GAD Parroquial de Daniel C\u00f3rdova Toral","description":"Sitio Oficial del GAD Parroquial Daniel C\u00f3rdova Toral Azuay","publisher":{"@id":"https:\/\/gadprdanielcordovatoral.gob.ec\/azuay2\/#organization"},"potentialAction":[{"@type":"SearchAction","target":{"@type":"EntryPoint","urlTemplate":"https:\/\/gadprdanielcordovatoral.gob.ec\/azuay2\/?s={search_term_string}"},"query-input":{"@type":"PropertyValueSpecification","valueRequired":true,"valueName":"search_term_string"}}],"inLanguage":"es"},{"@type":"Organization","@id":"https:\/\/gadprdanielcordovatoral.gob.ec\/azuay2\/#organization","name":"GAD Parroquial de Daniel Cordova Toral","url":"https:\/\/gadprdanielcordovatoral.gob.ec\/azuay2\/","logo":{"@type":"ImageObject","inLanguage":"es","@id":"https:\/\/gadprdanielcordovatoral.gob.ec\/azuay2\/#\/schema\/logo\/image\/","url":"https:\/\/gadprdanielcordovatoral.gob.ec\/azuay2\/wp-content\/uploads\/2020\/07\/logoFooter.png","contentUrl":"https:\/\/gadprdanielcordovatoral.gob.ec\/azuay2\/wp-content\/uploads\/2020\/07\/logoFooter.png","width":200,"height":150,"caption":"GAD Parroquial de Daniel Cordova Toral"},"image":{"@id":"https:\/\/gadprdanielcordovatoral.gob.ec\/azuay2\/#\/schema\/logo\/image\/"}},{"@type":"Person","@id":"https:\/\/gadprdanielcordovatoral.gob.ec\/azuay2\/#\/schema\/person\/3ccb87d36bf215506e8ffb471fd83352","name":"agadprdanielcordovatoral","image":{"@type":"ImageObject","inLanguage":"es","@id":"https:\/\/secure.gravatar.com\/avatar\/b7ceb8d4252728c0b1d1cd3b9cad0763b9c634e606648daa884e5ee6d60d6ebc?s=96&d=mm&r=g","url":"https:\/\/secure.gravatar.com\/avatar\/b7ceb8d4252728c0b1d1cd3b9cad0763b9c634e606648daa884e5ee6d60d6ebc?s=96&d=mm&r=g","contentUrl":"https:\/\/secure.gravatar.com\/avatar\/b7ceb8d4252728c0b1d1cd3b9cad0763b9c634e606648daa884e5ee6d60d6ebc?s=96&d=mm&r=g","caption":"agadprdanielcordovatoral"},"url":"https:\/\/gadprdanielcordovatoral.gob.ec\/azuay2\/?author=6"}]}},"_links":{"self":[{"href":"https:\/\/gadprdanielcordovatoral.gob.ec\/azuay2\/index.php?rest_route=\/wp\/v2\/posts\/3302","targetHints":{"allow":["GET"]}}],"collection":[{"href":"https:\/\/gadprdanielcordovatoral.gob.ec\/azuay2\/index.php?rest_route=\/wp\/v2\/posts"}],"about":[{"href":"https:\/\/gadprdanielcordovatoral.gob.ec\/azuay2\/index.php?rest_route=\/wp\/v2\/types\/post"}],"author":[{"embeddable":true,"href":"https:\/\/gadprdanielcordovatoral.gob.ec\/azuay2\/index.php?rest_route=\/wp\/v2\/users\/6"}],"replies":[{"embeddable":true,"href":"https:\/\/gadprdanielcordovatoral.gob.ec\/azuay2\/index.php?rest_route=%2Fwp%2Fv2%2Fcomments&post=3302"}],"version-history":[{"count":11,"href":"https:\/\/gadprdanielcordovatoral.gob.ec\/azuay2\/index.php?rest_route=\/wp\/v2\/posts\/3302\/revisions"}],"predecessor-version":[{"id":3319,"href":"https:\/\/gadprdanielcordovatoral.gob.ec\/azuay2\/index.php?rest_route=\/wp\/v2\/posts\/3302\/revisions\/3319"}],"wp:featuredmedia":[{"embeddable":true,"href":"https:\/\/gadprdanielcordovatoral.gob.ec\/azuay2\/index.php?rest_route=\/wp\/v2\/media\/3303"}],"wp:attachment":[{"href":"https:\/\/gadprdanielcordovatoral.gob.ec\/azuay2\/index.php?rest_route=%2Fwp%2Fv2%2Fmedia&parent=3302"}],"wp:term":[{"taxonomy":"category","embeddable":true,"href":"https:\/\/gadprdanielcordovatoral.gob.ec\/azuay2\/index.php?rest_route=%2Fwp%2Fv2%2Fcategories&post=3302"},{"taxonomy":"post_tag","embeddable":true,"href":"https:\/\/gadprdanielcordovatoral.gob.ec\/azuay2\/index.php?rest_route=%2Fwp%2Fv2%2Ftags&post=3302"}],"curies":[{"name":"wp","href":"https:\/\/api.w.org\/{rel}","templated":true}]}}