{"id":3784,"date":"2025-06-19T09:01:59","date_gmt":"2025-06-19T14:01:59","guid":{"rendered":"https:\/\/gadprdanielcordovatoral.gob.ec\/azuay2\/?p=3784"},"modified":"2025-06-19T09:01:59","modified_gmt":"2025-06-19T14:01:59","slug":"adecuacion-de-espacios-publicos-en-pagran","status":"publish","type":"post","link":"https:\/\/gadprdanielcordovatoral.gob.ec\/azuay2\/?p=3784","title":{"rendered":"Adecuaci\u00f3n de espacios p\u00fablicos en Pagr\u00e1n"},"content":{"rendered":"<div class=\"xdj266r x14z9mp xat24cr x1lziwak x1vvkbs x126k92a\">\n<div dir=\"auto\"><span class=\"html-span xexx8yu xyri2b x18d9i69 x1c1uobl x1hl2dhg x16tdsg8 x1vvkbs x3nfvp2 x1j61x8r x1fcty0u xdj266r xat24cr xm2jcoa x1mpyi22 xxymvpz xlup9mm x1kky2od\"><img decoding=\"async\" class=\"xz74otr x15mokao x1ga7v0g x16uus16 xbiv7yw\" src=\"https:\/\/static.xx.fbcdn.net\/images\/emoji.php\/v9\/t33\/1\/16\/2705.png\" alt=\"\u2705\" width=\"16\" height=\"16\" \/><\/span> Continuamos comprometidos con el mantenimiento de nuestros espacios p\u00fablicos <span class=\"html-span xexx8yu xyri2b x18d9i69 x1c1uobl x1hl2dhg x16tdsg8 x1vvkbs x3nfvp2 x1j61x8r x1fcty0u xdj266r xat24cr xm2jcoa x1mpyi22 xxymvpz xlup9mm x1kky2od\"><img decoding=\"async\" class=\"xz74otr x15mokao x1ga7v0g x16uus16 xbiv7yw\" src=\"https:\/\/static.xx.fbcdn.net\/images\/emoji.php\/v9\/t8d\/1\/16\/1f3df.png\" alt=\"\ud83c\udfdf\ufe0f\" width=\"16\" height=\"16\" \/><\/span><\/div>\n<div dir=\"auto\"><\/div>\n<\/div>\n<div class=\"x14z9mp xat24cr x1lziwak x1vvkbs xtlvy1s x126k92a\">\n<div dir=\"auto\">Adecuamos la cancha de Pagr\u00e1n para que ni\u00f1os, ni\u00f1as y adolescentes disfruten de un lugar seguro y en \u00f3ptimas condiciones para el deporte y la recreaci\u00f3n.<\/div>\n<div dir=\"auto\"><\/div>\n<\/div>\n<div class=\"x14z9mp xat24cr x1lziwak x1vvkbs xtlvy1s x126k92a\">\n<div dir=\"auto\">\u00a1Seguimos trabajando por el bienestar de nuestra comunidad! <span class=\"html-span xexx8yu xyri2b x18d9i69 x1c1uobl x1hl2dhg x16tdsg8 x1vvkbs x3nfvp2 x1j61x8r x1fcty0u xdj266r xat24cr xm2jcoa x1mpyi22 xxymvpz xlup9mm x1kky2od\"><img decoding=\"async\" class=\"xz74otr x15mokao x1ga7v0g x16uus16 xbiv7yw\" src=\"https:\/\/static.xx.fbcdn.net\/images\/emoji.php\/v9\/t6c\/1\/16\/1f4aa.png\" alt=\"\ud83d\udcaa\" width=\"16\" height=\"16\" \/><\/span><\/div>\n<div dir=\"auto\"><\/div>\n<\/div>\n<div dir=\"auto\"><a href=\"https:\/\/gadprdanielcordovatoral.gob.ec\/azuay2\/?attachment_id=3794\" rel=\"attachment wp-att-3794\"><img loading=\"lazy\" decoding=\"async\" class=\"alignnone size-medium wp-image-3794\" src=\"https:\/\/gadprdanielcordovatoral.gob.ec\/azuay2\/wp-content\/uploads\/2025\/06\/504355231_1261746962620789_1071778260777690273_n-550x733.jpg\" alt=\"\" width=\"550\" height=\"733\" srcset=\"https:\/\/gadprdanielcordovatoral.gob.ec\/azuay2\/wp-content\/uploads\/2025\/06\/504355231_1261746962620789_1071778260777690273_n-550x733.jpg 550w, https:\/\/gadprdanielcordovatoral.gob.ec\/azuay2\/wp-content\/uploads\/2025\/06\/504355231_1261746962620789_1071778260777690273_n-768x1024.jpg 768w, https:\/\/gadprdanielcordovatoral.gob.ec\/azuay2\/wp-content\/uploads\/2025\/06\/504355231_1261746962620789_1071778260777690273_n-1152x1536.jpg 1152w, https:\/\/gadprdanielcordovatoral.gob.ec\/azuay2\/wp-content\/uploads\/2025\/06\/504355231_1261746962620789_1071778260777690273_n.jpg 1536w\" sizes=\"(max-width: 550px) 100vw, 550px\" \/><\/a> <a href=\"https:\/\/gadprdanielcordovatoral.gob.ec\/azuay2\/?attachment_id=3793\" rel=\"attachment wp-att-3793\"><img loading=\"lazy\" decoding=\"async\" class=\"alignnone size-medium wp-image-3793\" src=\"https:\/\/gadprdanielcordovatoral.gob.ec\/azuay2\/wp-content\/uploads\/2025\/06\/504350358_1261746602620825_3979572948786004703_n-550x413.jpg\" alt=\"\" width=\"550\" height=\"413\" srcset=\"https:\/\/gadprdanielcordovatoral.gob.ec\/azuay2\/wp-content\/uploads\/2025\/06\/504350358_1261746602620825_3979572948786004703_n-550x413.jpg 550w, https:\/\/gadprdanielcordovatoral.gob.ec\/azuay2\/wp-content\/uploads\/2025\/06\/504350358_1261746602620825_3979572948786004703_n-1024x768.jpg 1024w, https:\/\/gadprdanielcordovatoral.gob.ec\/azuay2\/wp-content\/uploads\/2025\/06\/504350358_1261746602620825_3979572948786004703_n-768x576.jpg 768w, https:\/\/gadprdanielcordovatoral.gob.ec\/azuay2\/wp-content\/uploads\/2025\/06\/504350358_1261746602620825_3979572948786004703_n-1536x1152.jpg 1536w, https:\/\/gadprdanielcordovatoral.gob.ec\/azuay2\/wp-content\/uploads\/2025\/06\/504350358_1261746602620825_3979572948786004703_n.jpg 2048w\" sizes=\"(max-width: 550px) 100vw, 550px\" \/><\/a> <a href=\"https:\/\/gadprdanielcordovatoral.gob.ec\/azuay2\/?attachment_id=3792\" rel=\"attachment wp-att-3792\"><img loading=\"lazy\" decoding=\"async\" class=\"alignnone size-medium wp-image-3792\" src=\"https:\/\/gadprdanielcordovatoral.gob.ec\/azuay2\/wp-content\/uploads\/2025\/06\/504227740_1261747012620784_7102007229030118417_n-550x413.jpg\" alt=\"\" width=\"550\" height=\"413\" srcset=\"https:\/\/gadprdanielcordovatoral.gob.ec\/azuay2\/wp-content\/uploads\/2025\/06\/504227740_1261747012620784_7102007229030118417_n-550x413.jpg 550w, https:\/\/gadprdanielcordovatoral.gob.ec\/azuay2\/wp-content\/uploads\/2025\/06\/504227740_1261747012620784_7102007229030118417_n-1024x768.jpg 1024w, https:\/\/gadprdanielcordovatoral.gob.ec\/azuay2\/wp-content\/uploads\/2025\/06\/504227740_1261747012620784_7102007229030118417_n-768x576.jpg 768w, https:\/\/gadprdanielcordovatoral.gob.ec\/azuay2\/wp-content\/uploads\/2025\/06\/504227740_1261747012620784_7102007229030118417_n-1536x1152.jpg 1536w, https:\/\/gadprdanielcordovatoral.gob.ec\/azuay2\/wp-content\/uploads\/2025\/06\/504227740_1261747012620784_7102007229030118417_n.jpg 2048w\" sizes=\"(max-width: 550px) 100vw, 550px\" \/><\/a> <a href=\"https:\/\/gadprdanielcordovatoral.gob.ec\/azuay2\/?attachment_id=3791\" rel=\"attachment wp-att-3791\"><img loading=\"lazy\" decoding=\"async\" class=\"alignnone size-medium wp-image-3791\" src=\"https:\/\/gadprdanielcordovatoral.gob.ec\/azuay2\/wp-content\/uploads\/2025\/06\/504194255_1261746675954151_9171746154562638205_n-550x413.jpg\" alt=\"\" width=\"550\" height=\"413\" srcset=\"https:\/\/gadprdanielcordovatoral.gob.ec\/azuay2\/wp-content\/uploads\/2025\/06\/504194255_1261746675954151_9171746154562638205_n-550x413.jpg 550w, https:\/\/gadprdanielcordovatoral.gob.ec\/azuay2\/wp-content\/uploads\/2025\/06\/504194255_1261746675954151_9171746154562638205_n-1024x768.jpg 1024w, https:\/\/gadprdanielcordovatoral.gob.ec\/azuay2\/wp-content\/uploads\/2025\/06\/504194255_1261746675954151_9171746154562638205_n-768x576.jpg 768w, https:\/\/gadprdanielcordovatoral.gob.ec\/azuay2\/wp-content\/uploads\/2025\/06\/504194255_1261746675954151_9171746154562638205_n-1536x1152.jpg 1536w, https:\/\/gadprdanielcordovatoral.gob.ec\/azuay2\/wp-content\/uploads\/2025\/06\/504194255_1261746675954151_9171746154562638205_n.jpg 2048w\" sizes=\"(max-width: 550px) 100vw, 550px\" \/><\/a> <a href=\"https:\/\/gadprdanielcordovatoral.gob.ec\/azuay2\/?attachment_id=3790\" rel=\"attachment wp-att-3790\"><img loading=\"lazy\" decoding=\"async\" class=\"alignnone size-medium wp-image-3790\" src=\"https:\/\/gadprdanielcordovatoral.gob.ec\/azuay2\/wp-content\/uploads\/2025\/06\/504138980_1261747169287435_19236366176945172_n-550x413.jpg\" alt=\"\" width=\"550\" height=\"413\" srcset=\"https:\/\/gadprdanielcordovatoral.gob.ec\/azuay2\/wp-content\/uploads\/2025\/06\/504138980_1261747169287435_19236366176945172_n-550x413.jpg 550w, https:\/\/gadprdanielcordovatoral.gob.ec\/azuay2\/wp-content\/uploads\/2025\/06\/504138980_1261747169287435_19236366176945172_n-1024x768.jpg 1024w, https:\/\/gadprdanielcordovatoral.gob.ec\/azuay2\/wp-content\/uploads\/2025\/06\/504138980_1261747169287435_19236366176945172_n-768x576.jpg 768w, https:\/\/gadprdanielcordovatoral.gob.ec\/azuay2\/wp-content\/uploads\/2025\/06\/504138980_1261747169287435_19236366176945172_n-1536x1152.jpg 1536w, https:\/\/gadprdanielcordovatoral.gob.ec\/azuay2\/wp-content\/uploads\/2025\/06\/504138980_1261747169287435_19236366176945172_n.jpg 2048w\" sizes=\"(max-width: 550px) 100vw, 550px\" \/><\/a> <a href=\"https:\/\/gadprdanielcordovatoral.gob.ec\/azuay2\/?attachment_id=3789\" rel=\"attachment wp-att-3789\"><img loading=\"lazy\" decoding=\"async\" class=\"alignnone size-medium wp-image-3789\" src=\"https:\/\/gadprdanielcordovatoral.gob.ec\/azuay2\/wp-content\/uploads\/2025\/06\/504099354_1261747119287440_3497099880690298357_n-550x413.jpg\" alt=\"\" width=\"550\" height=\"413\" srcset=\"https:\/\/gadprdanielcordovatoral.gob.ec\/azuay2\/wp-content\/uploads\/2025\/06\/504099354_1261747119287440_3497099880690298357_n-550x413.jpg 550w, https:\/\/gadprdanielcordovatoral.gob.ec\/azuay2\/wp-content\/uploads\/2025\/06\/504099354_1261747119287440_3497099880690298357_n-1024x768.jpg 1024w, https:\/\/gadprdanielcordovatoral.gob.ec\/azuay2\/wp-content\/uploads\/2025\/06\/504099354_1261747119287440_3497099880690298357_n-768x576.jpg 768w, https:\/\/gadprdanielcordovatoral.gob.ec\/azuay2\/wp-content\/uploads\/2025\/06\/504099354_1261747119287440_3497099880690298357_n-1536x1152.jpg 1536w, https:\/\/gadprdanielcordovatoral.gob.ec\/azuay2\/wp-content\/uploads\/2025\/06\/504099354_1261747119287440_3497099880690298357_n.jpg 2048w\" sizes=\"(max-width: 550px) 100vw, 550px\" \/><\/a> <a href=\"https:\/\/gadprdanielcordovatoral.gob.ec\/azuay2\/?attachment_id=3785\" rel=\"attachment wp-att-3785\"><img loading=\"lazy\" decoding=\"async\" class=\"alignnone size-medium wp-image-3785\" src=\"https:\/\/gadprdanielcordovatoral.gob.ec\/azuay2\/wp-content\/uploads\/2025\/06\/503108815_1261746815954137_3188476159920001899_n-550x733.jpg\" alt=\"\" width=\"550\" height=\"733\" srcset=\"https:\/\/gadprdanielcordovatoral.gob.ec\/azuay2\/wp-content\/uploads\/2025\/06\/503108815_1261746815954137_3188476159920001899_n-550x733.jpg 550w, https:\/\/gadprdanielcordovatoral.gob.ec\/azuay2\/wp-content\/uploads\/2025\/06\/503108815_1261746815954137_3188476159920001899_n-768x1024.jpg 768w, https:\/\/gadprdanielcordovatoral.gob.ec\/azuay2\/wp-content\/uploads\/2025\/06\/503108815_1261746815954137_3188476159920001899_n-1152x1536.jpg 1152w, https:\/\/gadprdanielcordovatoral.gob.ec\/azuay2\/wp-content\/uploads\/2025\/06\/503108815_1261746815954137_3188476159920001899_n.jpg 1536w\" sizes=\"(max-width: 550px) 100vw, 550px\" \/><\/a> <a href=\"https:\/\/gadprdanielcordovatoral.gob.ec\/azuay2\/?attachment_id=3786\" rel=\"attachment wp-att-3786\"><img loading=\"lazy\" decoding=\"async\" class=\"alignnone size-medium wp-image-3786\" src=\"https:\/\/gadprdanielcordovatoral.gob.ec\/azuay2\/wp-content\/uploads\/2025\/06\/503113005_1261747082620777_7309327469294156732_n-550x413.jpg\" alt=\"\" width=\"550\" height=\"413\" srcset=\"https:\/\/gadprdanielcordovatoral.gob.ec\/azuay2\/wp-content\/uploads\/2025\/06\/503113005_1261747082620777_7309327469294156732_n-550x413.jpg 550w, https:\/\/gadprdanielcordovatoral.gob.ec\/azuay2\/wp-content\/uploads\/2025\/06\/503113005_1261747082620777_7309327469294156732_n-1024x768.jpg 1024w, https:\/\/gadprdanielcordovatoral.gob.ec\/azuay2\/wp-content\/uploads\/2025\/06\/503113005_1261747082620777_7309327469294156732_n-768x576.jpg 768w, https:\/\/gadprdanielcordovatoral.gob.ec\/azuay2\/wp-content\/uploads\/2025\/06\/503113005_1261747082620777_7309327469294156732_n-1536x1152.jpg 1536w, https:\/\/gadprdanielcordovatoral.gob.ec\/azuay2\/wp-content\/uploads\/2025\/06\/503113005_1261747082620777_7309327469294156732_n.jpg 2048w\" sizes=\"(max-width: 550px) 100vw, 550px\" \/><\/a> <a href=\"https:\/\/gadprdanielcordovatoral.gob.ec\/azuay2\/?attachment_id=3787\" rel=\"attachment wp-att-3787\"><img loading=\"lazy\" decoding=\"async\" class=\"alignnone size-medium wp-image-3787\" src=\"https:\/\/gadprdanielcordovatoral.gob.ec\/azuay2\/wp-content\/uploads\/2025\/06\/503312375_1261746915954127_2249349539135202876_n-550x733.jpg\" alt=\"\" width=\"550\" height=\"733\" srcset=\"https:\/\/gadprdanielcordovatoral.gob.ec\/azuay2\/wp-content\/uploads\/2025\/06\/503312375_1261746915954127_2249349539135202876_n-550x733.jpg 550w, https:\/\/gadprdanielcordovatoral.gob.ec\/azuay2\/wp-content\/uploads\/2025\/06\/503312375_1261746915954127_2249349539135202876_n-768x1024.jpg 768w, https:\/\/gadprdanielcordovatoral.gob.ec\/azuay2\/wp-content\/uploads\/2025\/06\/503312375_1261746915954127_2249349539135202876_n-1152x1536.jpg 1152w, https:\/\/gadprdanielcordovatoral.gob.ec\/azuay2\/wp-content\/uploads\/2025\/06\/503312375_1261746915954127_2249349539135202876_n.jpg 1536w\" sizes=\"(max-width: 550px) 100vw, 550px\" \/><\/a> <a href=\"https:\/\/gadprdanielcordovatoral.gob.ec\/azuay2\/?attachment_id=3788\" rel=\"attachment wp-att-3788\"><img loading=\"lazy\" decoding=\"async\" class=\"alignnone size-medium wp-image-3788\" src=\"https:\/\/gadprdanielcordovatoral.gob.ec\/azuay2\/wp-content\/uploads\/2025\/06\/503572063_1261746482620837_8008652381026162229_n-550x733.jpg\" alt=\"\" width=\"550\" height=\"733\" srcset=\"https:\/\/gadprdanielcordovatoral.gob.ec\/azuay2\/wp-content\/uploads\/2025\/06\/503572063_1261746482620837_8008652381026162229_n-550x733.jpg 550w, https:\/\/gadprdanielcordovatoral.gob.ec\/azuay2\/wp-content\/uploads\/2025\/06\/503572063_1261746482620837_8008652381026162229_n-768x1024.jpg 768w, https:\/\/gadprdanielcordovatoral.gob.ec\/azuay2\/wp-content\/uploads\/2025\/06\/503572063_1261746482620837_8008652381026162229_n-1152x1536.jpg 1152w, https:\/\/gadprdanielcordovatoral.gob.ec\/azuay2\/wp-content\/uploads\/2025\/06\/503572063_1261746482620837_8008652381026162229_n.jpg 1536w\" sizes=\"(max-width: 550px) 100vw, 550px\" \/><\/a><\/div>\n","protected":false},"excerpt":{"rendered":"<p>Continuamos comprometidos con el mantenimiento de nuestros espacios p\u00fablicos Adecuamos la cancha de Pagr\u00e1n para que ni\u00f1os, ni\u00f1as y adolescentes disfruten de un lugar seguro y en \u00f3ptimas condiciones para el deporte y la recreaci\u00f3n. \u00a1Seguimos trabajando por el bienestar de nuestra comunidad!<\/p>\n","protected":false},"author":7,"featured_media":3791,"comment_status":"closed","ping_status":"closed","sticky":false,"template":"","format":"standard","meta":{"footnotes":""},"categories":[1],"tags":[],"class_list":["post-3784","post","type-post","status-publish","format-standard","has-post-thumbnail","hentry","category-sin-categoria"],"yoast_head":"<!-- This site is optimized with the Yoast SEO plugin v27.5 - https:\/\/yoast.com\/product\/yoast-seo-wordpress\/ -->\n<title>Adecuaci\u00f3n de espacios p\u00fablicos en Pagr\u00e1n -<\/title>\n<meta name=\"robots\" content=\"index, follow, max-snippet:-1, max-image-preview:large, max-video-preview:-1\" \/>\n<link rel=\"canonical\" href=\"https:\/\/gadprdanielcordovatoral.gob.ec\/azuay2\/?p=3784\" \/>\n<meta property=\"og:locale\" content=\"es_ES\" \/>\n<meta property=\"og:type\" content=\"article\" \/>\n<meta property=\"og:title\" content=\"Adecuaci\u00f3n de espacios p\u00fablicos en Pagr\u00e1n -\" \/>\n<meta property=\"og:description\" content=\"Continuamos comprometidos con el mantenimiento de nuestros espacios p\u00fablicos Adecuamos la cancha de Pagr\u00e1n para que ni\u00f1os, ni\u00f1as y adolescentes disfruten de un lugar seguro y en \u00f3ptimas condiciones para el deporte y la recreaci\u00f3n. \u00a1Seguimos trabajando por el bienestar de nuestra comunidad!\" \/>\n<meta property=\"og:url\" content=\"https:\/\/gadprdanielcordovatoral.gob.ec\/azuay2\/?p=3784\" \/>\n<meta property=\"article:author\" content=\"https:\/\/www.facebook.com\/share\/14wk1nVs42\/?mibextid=wwXIfr\" \/>\n<meta property=\"article:published_time\" content=\"2025-06-19T14:01:59+00:00\" \/>\n<meta property=\"og:image\" content=\"https:\/\/gadprdanielcordovatoral.gob.ec\/azuay2\/wp-content\/uploads\/2025\/06\/504194255_1261746675954151_9171746154562638205_n.jpg\" \/>\n\t<meta property=\"og:image:width\" content=\"2048\" \/>\n\t<meta property=\"og:image:height\" content=\"1536\" \/>\n\t<meta property=\"og:image:type\" content=\"image\/jpeg\" \/>\n<meta name=\"author\" content=\"gadprdanielcordovatoral\" \/>\n<meta name=\"twitter:card\" content=\"summary_large_image\" \/>\n<meta name=\"twitter:label1\" content=\"Escrito por\" \/>\n\t<meta name=\"twitter:data1\" content=\"gadprdanielcordovatoral\" \/>\n\t<meta name=\"twitter:label2\" content=\"Tiempo de lectura\" \/>\n\t<meta name=\"twitter:data2\" content=\"3 minutos\" \/>\n<script type=\"application\/ld+json\" class=\"yoast-schema-graph\">{\"@context\":\"https:\\\/\\\/schema.org\",\"@graph\":[{\"@type\":\"Article\",\"@id\":\"https:\\\/\\\/gadprdanielcordovatoral.gob.ec\\\/azuay2\\\/?p=3784#article\",\"isPartOf\":{\"@id\":\"https:\\\/\\\/gadprdanielcordovatoral.gob.ec\\\/azuay2\\\/?p=3784\"},\"author\":{\"name\":\"gadprdanielcordovatoral\",\"@id\":\"https:\\\/\\\/gadprdanielcordovatoral.gob.ec\\\/azuay2\\\/#\\\/schema\\\/person\\\/a5ead4f8e52bb5bbbfdd443ca91303f2\"},\"headline\":\"Adecuaci\u00f3n de espacios p\u00fablicos en Pagr\u00e1n\",\"datePublished\":\"2025-06-19T14:01:59+00:00\",\"mainEntityOfPage\":{\"@id\":\"https:\\\/\\\/gadprdanielcordovatoral.gob.ec\\\/azuay2\\\/?p=3784\"},\"wordCount\":57,\"publisher\":{\"@id\":\"https:\\\/\\\/gadprdanielcordovatoral.gob.ec\\\/azuay2\\\/#organization\"},\"image\":{\"@id\":\"https:\\\/\\\/gadprdanielcordovatoral.gob.ec\\\/azuay2\\\/?p=3784#primaryimage\"},\"thumbnailUrl\":\"https:\\\/\\\/gadprdanielcordovatoral.gob.ec\\\/azuay2\\\/wp-content\\\/uploads\\\/2025\\\/06\\\/504194255_1261746675954151_9171746154562638205_n.jpg\",\"inLanguage\":\"es\"},{\"@type\":\"WebPage\",\"@id\":\"https:\\\/\\\/gadprdanielcordovatoral.gob.ec\\\/azuay2\\\/?p=3784\",\"url\":\"https:\\\/\\\/gadprdanielcordovatoral.gob.ec\\\/azuay2\\\/?p=3784\",\"name\":\"Adecuaci\u00f3n de espacios p\u00fablicos en Pagr\u00e1n -\",\"isPartOf\":{\"@id\":\"https:\\\/\\\/gadprdanielcordovatoral.gob.ec\\\/azuay2\\\/#website\"},\"primaryImageOfPage\":{\"@id\":\"https:\\\/\\\/gadprdanielcordovatoral.gob.ec\\\/azuay2\\\/?p=3784#primaryimage\"},\"image\":{\"@id\":\"https:\\\/\\\/gadprdanielcordovatoral.gob.ec\\\/azuay2\\\/?p=3784#primaryimage\"},\"thumbnailUrl\":\"https:\\\/\\\/gadprdanielcordovatoral.gob.ec\\\/azuay2\\\/wp-content\\\/uploads\\\/2025\\\/06\\\/504194255_1261746675954151_9171746154562638205_n.jpg\",\"datePublished\":\"2025-06-19T14:01:59+00:00\",\"breadcrumb\":{\"@id\":\"https:\\\/\\\/gadprdanielcordovatoral.gob.ec\\\/azuay2\\\/?p=3784#breadcrumb\"},\"inLanguage\":\"es\",\"potentialAction\":[{\"@type\":\"ReadAction\",\"target\":[\"https:\\\/\\\/gadprdanielcordovatoral.gob.ec\\\/azuay2\\\/?p=3784\"]}]},{\"@type\":\"ImageObject\",\"inLanguage\":\"es\",\"@id\":\"https:\\\/\\\/gadprdanielcordovatoral.gob.ec\\\/azuay2\\\/?p=3784#primaryimage\",\"url\":\"https:\\\/\\\/gadprdanielcordovatoral.gob.ec\\\/azuay2\\\/wp-content\\\/uploads\\\/2025\\\/06\\\/504194255_1261746675954151_9171746154562638205_n.jpg\",\"contentUrl\":\"https:\\\/\\\/gadprdanielcordovatoral.gob.ec\\\/azuay2\\\/wp-content\\\/uploads\\\/2025\\\/06\\\/504194255_1261746675954151_9171746154562638205_n.jpg\",\"width\":2048,\"height\":1536},{\"@type\":\"BreadcrumbList\",\"@id\":\"https:\\\/\\\/gadprdanielcordovatoral.gob.ec\\\/azuay2\\\/?p=3784#breadcrumb\",\"itemListElement\":[{\"@type\":\"ListItem\",\"position\":1,\"name\":\"Home\",\"item\":\"https:\\\/\\\/gadprdanielcordovatoral.gob.ec\\\/azuay2\\\/\"},{\"@type\":\"ListItem\",\"position\":2,\"name\":\"Adecuaci\u00f3n de espacios p\u00fablicos en Pagr\u00e1n\"}]},{\"@type\":\"WebSite\",\"@id\":\"https:\\\/\\\/gadprdanielcordovatoral.gob.ec\\\/azuay2\\\/#website\",\"url\":\"https:\\\/\\\/gadprdanielcordovatoral.gob.ec\\\/azuay2\\\/\",\"name\":\"GAD Parroquial de Daniel C\u00f3rdova Toral\",\"description\":\"Sitio Oficial del GAD Parroquial Daniel C\u00f3rdova Toral Azuay\",\"publisher\":{\"@id\":\"https:\\\/\\\/gadprdanielcordovatoral.gob.ec\\\/azuay2\\\/#organization\"},\"potentialAction\":[{\"@type\":\"SearchAction\",\"target\":{\"@type\":\"EntryPoint\",\"urlTemplate\":\"https:\\\/\\\/gadprdanielcordovatoral.gob.ec\\\/azuay2\\\/?s={search_term_string}\"},\"query-input\":{\"@type\":\"PropertyValueSpecification\",\"valueRequired\":true,\"valueName\":\"search_term_string\"}}],\"inLanguage\":\"es\"},{\"@type\":\"Organization\",\"@id\":\"https:\\\/\\\/gadprdanielcordovatoral.gob.ec\\\/azuay2\\\/#organization\",\"name\":\"GAD Parroquial de Daniel Cordova Toral\",\"url\":\"https:\\\/\\\/gadprdanielcordovatoral.gob.ec\\\/azuay2\\\/\",\"logo\":{\"@type\":\"ImageObject\",\"inLanguage\":\"es\",\"@id\":\"https:\\\/\\\/gadprdanielcordovatoral.gob.ec\\\/azuay2\\\/#\\\/schema\\\/logo\\\/image\\\/\",\"url\":\"https:\\\/\\\/gadprdanielcordovatoral.gob.ec\\\/azuay2\\\/wp-content\\\/uploads\\\/2020\\\/07\\\/logoFooter.png\",\"contentUrl\":\"https:\\\/\\\/gadprdanielcordovatoral.gob.ec\\\/azuay2\\\/wp-content\\\/uploads\\\/2020\\\/07\\\/logoFooter.png\",\"width\":200,\"height\":150,\"caption\":\"GAD Parroquial de Daniel Cordova Toral\"},\"image\":{\"@id\":\"https:\\\/\\\/gadprdanielcordovatoral.gob.ec\\\/azuay2\\\/#\\\/schema\\\/logo\\\/image\\\/\"}},{\"@type\":\"Person\",\"@id\":\"https:\\\/\\\/gadprdanielcordovatoral.gob.ec\\\/azuay2\\\/#\\\/schema\\\/person\\\/a5ead4f8e52bb5bbbfdd443ca91303f2\",\"name\":\"gadprdanielcordovatoral\",\"image\":{\"@type\":\"ImageObject\",\"inLanguage\":\"es\",\"@id\":\"https:\\\/\\\/secure.gravatar.com\\\/avatar\\\/e1643d2e2a6373e4ffdbdc872f107ad4e7441a6fb39bdeeae230dc0ad0ca8a2d?s=96&d=mm&r=g\",\"url\":\"https:\\\/\\\/secure.gravatar.com\\\/avatar\\\/e1643d2e2a6373e4ffdbdc872f107ad4e7441a6fb39bdeeae230dc0ad0ca8a2d?s=96&d=mm&r=g\",\"contentUrl\":\"https:\\\/\\\/secure.gravatar.com\\\/avatar\\\/e1643d2e2a6373e4ffdbdc872f107ad4e7441a6fb39bdeeae230dc0ad0ca8a2d?s=96&d=mm&r=g\",\"caption\":\"gadprdanielcordovatoral\"},\"sameAs\":[\"http:\\\/\\\/gadprdanielcordovatoral.gob.ec\",\"https:\\\/\\\/www.facebook.com\\\/share\\\/14wk1nVs42\\\/?mibextid=wwXIfr\"],\"url\":\"https:\\\/\\\/gadprdanielcordovatoral.gob.ec\\\/azuay2\\\/?author=7\"}]}<\/script>\n<!-- \/ Yoast SEO plugin. -->","yoast_head_json":{"title":"Adecuaci\u00f3n de espacios p\u00fablicos en Pagr\u00e1n -","robots":{"index":"index","follow":"follow","max-snippet":"max-snippet:-1","max-image-preview":"max-image-preview:large","max-video-preview":"max-video-preview:-1"},"canonical":"https:\/\/gadprdanielcordovatoral.gob.ec\/azuay2\/?p=3784","og_locale":"es_ES","og_type":"article","og_title":"Adecuaci\u00f3n de espacios p\u00fablicos en Pagr\u00e1n -","og_description":"Continuamos comprometidos con el mantenimiento de nuestros espacios p\u00fablicos Adecuamos la cancha de Pagr\u00e1n para que ni\u00f1os, ni\u00f1as y adolescentes disfruten de un lugar seguro y en \u00f3ptimas condiciones para el deporte y la recreaci\u00f3n. \u00a1Seguimos trabajando por el bienestar de nuestra comunidad!","og_url":"https:\/\/gadprdanielcordovatoral.gob.ec\/azuay2\/?p=3784","article_author":"https:\/\/www.facebook.com\/share\/14wk1nVs42\/?mibextid=wwXIfr","article_published_time":"2025-06-19T14:01:59+00:00","og_image":[{"width":2048,"height":1536,"url":"https:\/\/gadprdanielcordovatoral.gob.ec\/azuay2\/wp-content\/uploads\/2025\/06\/504194255_1261746675954151_9171746154562638205_n.jpg","type":"image\/jpeg"}],"author":"gadprdanielcordovatoral","twitter_card":"summary_large_image","twitter_misc":{"Escrito por":"gadprdanielcordovatoral","Tiempo de lectura":"3 minutos"},"schema":{"@context":"https:\/\/schema.org","@graph":[{"@type":"Article","@id":"https:\/\/gadprdanielcordovatoral.gob.ec\/azuay2\/?p=3784#article","isPartOf":{"@id":"https:\/\/gadprdanielcordovatoral.gob.ec\/azuay2\/?p=3784"},"author":{"name":"gadprdanielcordovatoral","@id":"https:\/\/gadprdanielcordovatoral.gob.ec\/azuay2\/#\/schema\/person\/a5ead4f8e52bb5bbbfdd443ca91303f2"},"headline":"Adecuaci\u00f3n de espacios p\u00fablicos en Pagr\u00e1n","datePublished":"2025-06-19T14:01:59+00:00","mainEntityOfPage":{"@id":"https:\/\/gadprdanielcordovatoral.gob.ec\/azuay2\/?p=3784"},"wordCount":57,"publisher":{"@id":"https:\/\/gadprdanielcordovatoral.gob.ec\/azuay2\/#organization"},"image":{"@id":"https:\/\/gadprdanielcordovatoral.gob.ec\/azuay2\/?p=3784#primaryimage"},"thumbnailUrl":"https:\/\/gadprdanielcordovatoral.gob.ec\/azuay2\/wp-content\/uploads\/2025\/06\/504194255_1261746675954151_9171746154562638205_n.jpg","inLanguage":"es"},{"@type":"WebPage","@id":"https:\/\/gadprdanielcordovatoral.gob.ec\/azuay2\/?p=3784","url":"https:\/\/gadprdanielcordovatoral.gob.ec\/azuay2\/?p=3784","name":"Adecuaci\u00f3n de espacios p\u00fablicos en Pagr\u00e1n -","isPartOf":{"@id":"https:\/\/gadprdanielcordovatoral.gob.ec\/azuay2\/#website"},"primaryImageOfPage":{"@id":"https:\/\/gadprdanielcordovatoral.gob.ec\/azuay2\/?p=3784#primaryimage"},"image":{"@id":"https:\/\/gadprdanielcordovatoral.gob.ec\/azuay2\/?p=3784#primaryimage"},"thumbnailUrl":"https:\/\/gadprdanielcordovatoral.gob.ec\/azuay2\/wp-content\/uploads\/2025\/06\/504194255_1261746675954151_9171746154562638205_n.jpg","datePublished":"2025-06-19T14:01:59+00:00","breadcrumb":{"@id":"https:\/\/gadprdanielcordovatoral.gob.ec\/azuay2\/?p=3784#breadcrumb"},"inLanguage":"es","potentialAction":[{"@type":"ReadAction","target":["https:\/\/gadprdanielcordovatoral.gob.ec\/azuay2\/?p=3784"]}]},{"@type":"ImageObject","inLanguage":"es","@id":"https:\/\/gadprdanielcordovatoral.gob.ec\/azuay2\/?p=3784#primaryimage","url":"https:\/\/gadprdanielcordovatoral.gob.ec\/azuay2\/wp-content\/uploads\/2025\/06\/504194255_1261746675954151_9171746154562638205_n.jpg","contentUrl":"https:\/\/gadprdanielcordovatoral.gob.ec\/azuay2\/wp-content\/uploads\/2025\/06\/504194255_1261746675954151_9171746154562638205_n.jpg","width":2048,"height":1536},{"@type":"BreadcrumbList","@id":"https:\/\/gadprdanielcordovatoral.gob.ec\/azuay2\/?p=3784#breadcrumb","itemListElement":[{"@type":"ListItem","position":1,"name":"Home","item":"https:\/\/gadprdanielcordovatoral.gob.ec\/azuay2\/"},{"@type":"ListItem","position":2,"name":"Adecuaci\u00f3n de espacios p\u00fablicos en Pagr\u00e1n"}]},{"@type":"WebSite","@id":"https:\/\/gadprdanielcordovatoral.gob.ec\/azuay2\/#website","url":"https:\/\/gadprdanielcordovatoral.gob.ec\/azuay2\/","name":"GAD Parroquial de Daniel C\u00f3rdova Toral","description":"Sitio Oficial del GAD Parroquial Daniel C\u00f3rdova Toral Azuay","publisher":{"@id":"https:\/\/gadprdanielcordovatoral.gob.ec\/azuay2\/#organization"},"potentialAction":[{"@type":"SearchAction","target":{"@type":"EntryPoint","urlTemplate":"https:\/\/gadprdanielcordovatoral.gob.ec\/azuay2\/?s={search_term_string}"},"query-input":{"@type":"PropertyValueSpecification","valueRequired":true,"valueName":"search_term_string"}}],"inLanguage":"es"},{"@type":"Organization","@id":"https:\/\/gadprdanielcordovatoral.gob.ec\/azuay2\/#organization","name":"GAD Parroquial de Daniel Cordova Toral","url":"https:\/\/gadprdanielcordovatoral.gob.ec\/azuay2\/","logo":{"@type":"ImageObject","inLanguage":"es","@id":"https:\/\/gadprdanielcordovatoral.gob.ec\/azuay2\/#\/schema\/logo\/image\/","url":"https:\/\/gadprdanielcordovatoral.gob.ec\/azuay2\/wp-content\/uploads\/2020\/07\/logoFooter.png","contentUrl":"https:\/\/gadprdanielcordovatoral.gob.ec\/azuay2\/wp-content\/uploads\/2020\/07\/logoFooter.png","width":200,"height":150,"caption":"GAD Parroquial de Daniel Cordova Toral"},"image":{"@id":"https:\/\/gadprdanielcordovatoral.gob.ec\/azuay2\/#\/schema\/logo\/image\/"}},{"@type":"Person","@id":"https:\/\/gadprdanielcordovatoral.gob.ec\/azuay2\/#\/schema\/person\/a5ead4f8e52bb5bbbfdd443ca91303f2","name":"gadprdanielcordovatoral","image":{"@type":"ImageObject","inLanguage":"es","@id":"https:\/\/secure.gravatar.com\/avatar\/e1643d2e2a6373e4ffdbdc872f107ad4e7441a6fb39bdeeae230dc0ad0ca8a2d?s=96&d=mm&r=g","url":"https:\/\/secure.gravatar.com\/avatar\/e1643d2e2a6373e4ffdbdc872f107ad4e7441a6fb39bdeeae230dc0ad0ca8a2d?s=96&d=mm&r=g","contentUrl":"https:\/\/secure.gravatar.com\/avatar\/e1643d2e2a6373e4ffdbdc872f107ad4e7441a6fb39bdeeae230dc0ad0ca8a2d?s=96&d=mm&r=g","caption":"gadprdanielcordovatoral"},"sameAs":["http:\/\/gadprdanielcordovatoral.gob.ec","https:\/\/www.facebook.com\/share\/14wk1nVs42\/?mibextid=wwXIfr"],"url":"https:\/\/gadprdanielcordovatoral.gob.ec\/azuay2\/?author=7"}]}},"_links":{"self":[{"href":"https:\/\/gadprdanielcordovatoral.gob.ec\/azuay2\/index.php?rest_route=\/wp\/v2\/posts\/3784","targetHints":{"allow":["GET"]}}],"collection":[{"href":"https:\/\/gadprdanielcordovatoral.gob.ec\/azuay2\/index.php?rest_route=\/wp\/v2\/posts"}],"about":[{"href":"https:\/\/gadprdanielcordovatoral.gob.ec\/azuay2\/index.php?rest_route=\/wp\/v2\/types\/post"}],"author":[{"embeddable":true,"href":"https:\/\/gadprdanielcordovatoral.gob.ec\/azuay2\/index.php?rest_route=\/wp\/v2\/users\/7"}],"replies":[{"embeddable":true,"href":"https:\/\/gadprdanielcordovatoral.gob.ec\/azuay2\/index.php?rest_route=%2Fwp%2Fv2%2Fcomments&post=3784"}],"version-history":[{"count":1,"href":"https:\/\/gadprdanielcordovatoral.gob.ec\/azuay2\/index.php?rest_route=\/wp\/v2\/posts\/3784\/revisions"}],"predecessor-version":[{"id":3795,"href":"https:\/\/gadprdanielcordovatoral.gob.ec\/azuay2\/index.php?rest_route=\/wp\/v2\/posts\/3784\/revisions\/3795"}],"wp:featuredmedia":[{"embeddable":true,"href":"https:\/\/gadprdanielcordovatoral.gob.ec\/azuay2\/index.php?rest_route=\/wp\/v2\/media\/3791"}],"wp:attachment":[{"href":"https:\/\/gadprdanielcordovatoral.gob.ec\/azuay2\/index.php?rest_route=%2Fwp%2Fv2%2Fmedia&parent=3784"}],"wp:term":[{"taxonomy":"category","embeddable":true,"href":"https:\/\/gadprdanielcordovatoral.gob.ec\/azuay2\/index.php?rest_route=%2Fwp%2Fv2%2Fcategories&post=3784"},{"taxonomy":"post_tag","embeddable":true,"href":"https:\/\/gadprdanielcordovatoral.gob.ec\/azuay2\/index.php?rest_route=%2Fwp%2Fv2%2Ftags&post=3784"}],"curies":[{"name":"wp","href":"https:\/\/api.w.org\/{rel}","templated":true}]}}