{"id":3939,"date":"2025-07-31T13:11:23","date_gmt":"2025-07-31T18:11:23","guid":{"rendered":"https:\/\/gadprdanielcordovatoral.gob.ec\/azuay2\/?p=3939"},"modified":"2025-08-04T09:53:02","modified_gmt":"2025-08-04T14:53:02","slug":"autoridades-parroquiales-de-daniel-cordova-toral-rindieron-cuentas-a-la-ciudadania","status":"publish","type":"post","link":"https:\/\/gadprdanielcordovatoral.gob.ec\/azuay2\/?p=3939","title":{"rendered":"Autoridades parroquiales de Daniel C\u00f3rdova Toral rindieron cuentas a la ciudadan\u00eda"},"content":{"rendered":"<p style=\"text-align: left;\">Con la presencia de dirigentes barriales, asociaciones, representantes de Juntas de Agua y ciudadan\u00eda en general se llev\u00f3 a cabo el proceso de Deliberaci\u00f3n P\u00fablica de Rendici\u00f3n de Cuentas correspondiente al periodo fiscal 2024.<\/p>\n<p style=\"text-align: left;\">Espacio en el que Vocales y Presidente, expusieron el trabajo realizado durante el a\u00f1o 2024 en las diferentes comisiones. Adem\u00e1s se resolvieron las inquietudes presentadas por la ciudadan\u00eda.<\/p>\n<p style=\"text-align: left;\"><a href=\"https:\/\/gadprdanielcordovatoral.gob.ec\/azuay2\/?attachment_id=3945\" rel=\"attachment wp-att-3945\"><img fetchpriority=\"high\" decoding=\"async\" class=\"alignnone wp-image-3945\" src=\"https:\/\/gadprdanielcordovatoral.gob.ec\/azuay2\/wp-content\/uploads\/2025\/07\/WhatsApp-Image-2025-07-31-at-11.40.37-AM-1-550x413.jpeg\" alt=\"\" width=\"325\" height=\"244\" srcset=\"https:\/\/gadprdanielcordovatoral.gob.ec\/azuay2\/wp-content\/uploads\/2025\/07\/WhatsApp-Image-2025-07-31-at-11.40.37-AM-1-550x413.jpeg 550w, https:\/\/gadprdanielcordovatoral.gob.ec\/azuay2\/wp-content\/uploads\/2025\/07\/WhatsApp-Image-2025-07-31-at-11.40.37-AM-1-1024x768.jpeg 1024w, https:\/\/gadprdanielcordovatoral.gob.ec\/azuay2\/wp-content\/uploads\/2025\/07\/WhatsApp-Image-2025-07-31-at-11.40.37-AM-1-768x576.jpeg 768w, https:\/\/gadprdanielcordovatoral.gob.ec\/azuay2\/wp-content\/uploads\/2025\/07\/WhatsApp-Image-2025-07-31-at-11.40.37-AM-1.jpeg 1280w\" sizes=\"(max-width: 325px) 100vw, 325px\" \/><\/a> <a href=\"https:\/\/gadprdanielcordovatoral.gob.ec\/azuay2\/?attachment_id=3946\" rel=\"attachment wp-att-3946\"><img decoding=\"async\" class=\"alignnone wp-image-3946\" src=\"https:\/\/gadprdanielcordovatoral.gob.ec\/azuay2\/wp-content\/uploads\/2025\/07\/WhatsApp-Image-2025-07-31-at-11.40.37-AM-550x413.jpeg\" alt=\"\" width=\"323\" height=\"242\" srcset=\"https:\/\/gadprdanielcordovatoral.gob.ec\/azuay2\/wp-content\/uploads\/2025\/07\/WhatsApp-Image-2025-07-31-at-11.40.37-AM-550x413.jpeg 550w, https:\/\/gadprdanielcordovatoral.gob.ec\/azuay2\/wp-content\/uploads\/2025\/07\/WhatsApp-Image-2025-07-31-at-11.40.37-AM-1024x768.jpeg 1024w, https:\/\/gadprdanielcordovatoral.gob.ec\/azuay2\/wp-content\/uploads\/2025\/07\/WhatsApp-Image-2025-07-31-at-11.40.37-AM-768x576.jpeg 768w, https:\/\/gadprdanielcordovatoral.gob.ec\/azuay2\/wp-content\/uploads\/2025\/07\/WhatsApp-Image-2025-07-31-at-11.40.37-AM.jpeg 1280w\" sizes=\"(max-width: 323px) 100vw, 323px\" \/><\/a> <a href=\"https:\/\/gadprdanielcordovatoral.gob.ec\/azuay2\/?attachment_id=3947\" rel=\"attachment wp-att-3947\"><img decoding=\"async\" class=\"alignnone wp-image-3947\" src=\"https:\/\/gadprdanielcordovatoral.gob.ec\/azuay2\/wp-content\/uploads\/2025\/07\/WhatsApp-Image-2025-07-31-at-11.40.36-AM-1-550x413.jpeg\" alt=\"\" width=\"324\" height=\"243\" srcset=\"https:\/\/gadprdanielcordovatoral.gob.ec\/azuay2\/wp-content\/uploads\/2025\/07\/WhatsApp-Image-2025-07-31-at-11.40.36-AM-1-550x413.jpeg 550w, https:\/\/gadprdanielcordovatoral.gob.ec\/azuay2\/wp-content\/uploads\/2025\/07\/WhatsApp-Image-2025-07-31-at-11.40.36-AM-1-1024x768.jpeg 1024w, https:\/\/gadprdanielcordovatoral.gob.ec\/azuay2\/wp-content\/uploads\/2025\/07\/WhatsApp-Image-2025-07-31-at-11.40.36-AM-1-768x576.jpeg 768w, https:\/\/gadprdanielcordovatoral.gob.ec\/azuay2\/wp-content\/uploads\/2025\/07\/WhatsApp-Image-2025-07-31-at-11.40.36-AM-1.jpeg 1280w\" sizes=\"(max-width: 324px) 100vw, 324px\" \/><\/a><\/p>\n<p>En los siguientes enlaces puede revisar la rendici\u00f3n de cuentas de cada una de las autoridades parroquiales:<\/p>\n<p>Presidente: Mgs. Wilmer Cuji\u00a0<a href=\"https:\/\/gadprdanielcordovatoral.gob.ec\/azuay2\/wp-content\/uploads\/2025\/06\/Rendicion-cuentas-2024-Presidente.pdf\">https:\/\/gadprdanielcordovatoral.gob.ec\/azuay2\/wp-content\/uploads\/2025\/06\/Rendicion-cuentas-2024-Presidente.pdf<\/a><\/p>\n<p>Comisi\u00f3n de Producci\u00f3n: Juliana Rodas <a href=\"https:\/\/gadprdanielcordovatoral.gob.ec\/azuay2\/wp-content\/uploads\/2025\/06\/Rendicion-de-cuentas-Juliana-Rodas.pdf\">https:\/\/gadprdanielcordovatoral.gob.ec\/azuay2\/wp-content\/uploads\/2025\/06\/Rendicion-de-cuentas-Juliana-Rodas.pdf<\/a><\/p>\n<p>Comisi\u00f3n Sociocultural y Seguridad: Mar\u00eda Eugenia Bueno\u00a0<a href=\"https:\/\/gadprdanielcordovatoral.gob.ec\/azuay2\/wp-content\/uploads\/2025\/06\/Rendicion-de-cuentas-Maria-Eugenia-Bueno.pdf\">https:\/\/gadprdanielcordovatoral.gob.ec\/azuay2\/wp-content\/uploads\/2025\/06\/Rendicion-de-cuentas-Maria-Eugenia-Bueno.pdf<\/a><\/p>\n<p>Comisi\u00f3n de Asentamamientos humanos y conectividad: Tania Cuji\u00a0<a href=\"https:\/\/gadprdanielcordovatoral.gob.ec\/azuay2\/wp-content\/uploads\/2025\/06\/Rendicion-cuentas-Tania-Cuji.pdf\">https:\/\/gadprdanielcordovatoral.gob.ec\/azuay2\/wp-content\/uploads\/2025\/06\/Rendicion-cuentas-Tania-Cuji.pdf<\/a><\/p>\n<p>Video resumido de la rendici\u00f3n de cuentas:<\/p>\n<div style=\"width: 480px;\" class=\"wp-video\"><video class=\"wp-video-shortcode\" id=\"video-3939-1\" width=\"480\" height=\"864\" preload=\"metadata\" controls=\"controls\"><source type=\"video\/mp4\" src=\"https:\/\/gadprdanielcordovatoral.gob.ec\/azuay2\/wp-content\/uploads\/2025\/07\/WhatsApp-Video-2025-08-04-at-9.51.05-AM.mp4?_=1\" \/><a href=\"https:\/\/gadprdanielcordovatoral.gob.ec\/azuay2\/wp-content\/uploads\/2025\/07\/WhatsApp-Video-2025-08-04-at-9.51.05-AM.mp4\">https:\/\/gadprdanielcordovatoral.gob.ec\/azuay2\/wp-content\/uploads\/2025\/07\/WhatsApp-Video-2025-08-04-at-9.51.05-AM.mp4<\/a><\/video><\/div>\n","protected":false},"excerpt":{"rendered":"<p>Con la presencia de dirigentes barriales, asociaciones, representantes de Juntas de Agua y ciudadan\u00eda en general se llev\u00f3 a cabo el proceso de Deliberaci\u00f3n P\u00fablica de Rendici\u00f3n de Cuentas correspondiente al periodo fiscal 2024. Espacio en el que Vocales y Presidente, expusieron el trabajo realizado durante el a\u00f1o 2024 en las diferentes comisiones. Adem\u00e1s se [&hellip;]<\/p>\n","protected":false},"author":7,"featured_media":3946,"comment_status":"closed","ping_status":"closed","sticky":false,"template":"","format":"standard","meta":{"footnotes":""},"categories":[1],"tags":[],"class_list":["post-3939","post","type-post","status-publish","format-standard","has-post-thumbnail","hentry","category-sin-categoria"],"yoast_head":"<!-- This site is optimized with the Yoast SEO plugin v27.5 - https:\/\/yoast.com\/product\/yoast-seo-wordpress\/ -->\n<title>Autoridades parroquiales de Daniel C\u00f3rdova Toral rindieron cuentas a la ciudadan\u00eda -<\/title>\n<meta name=\"robots\" content=\"index, follow, max-snippet:-1, max-image-preview:large, max-video-preview:-1\" \/>\n<link rel=\"canonical\" href=\"https:\/\/gadprdanielcordovatoral.gob.ec\/azuay2\/?p=3939\" \/>\n<meta property=\"og:locale\" content=\"es_ES\" \/>\n<meta property=\"og:type\" content=\"article\" \/>\n<meta property=\"og:title\" content=\"Autoridades parroquiales de Daniel C\u00f3rdova Toral rindieron cuentas a la ciudadan\u00eda -\" \/>\n<meta property=\"og:description\" content=\"Con la presencia de dirigentes barriales, asociaciones, representantes de Juntas de Agua y ciudadan\u00eda en general se llev\u00f3 a cabo el proceso de Deliberaci\u00f3n P\u00fablica de Rendici\u00f3n de Cuentas correspondiente al periodo fiscal 2024. Espacio en el que Vocales y Presidente, expusieron el trabajo realizado durante el a\u00f1o 2024 en las diferentes comisiones. Adem\u00e1s se [&hellip;]\" \/>\n<meta property=\"og:url\" content=\"https:\/\/gadprdanielcordovatoral.gob.ec\/azuay2\/?p=3939\" \/>\n<meta property=\"article:author\" content=\"https:\/\/www.facebook.com\/share\/14wk1nVs42\/?mibextid=wwXIfr\" \/>\n<meta property=\"article:published_time\" content=\"2025-07-31T18:11:23+00:00\" \/>\n<meta property=\"article:modified_time\" content=\"2025-08-04T14:53:02+00:00\" \/>\n<meta property=\"og:image\" content=\"https:\/\/gadprdanielcordovatoral.gob.ec\/azuay2\/wp-content\/uploads\/2025\/07\/WhatsApp-Image-2025-07-31-at-11.40.37-AM.jpeg\" \/>\n\t<meta property=\"og:image:width\" content=\"1280\" \/>\n\t<meta property=\"og:image:height\" content=\"960\" \/>\n\t<meta property=\"og:image:type\" content=\"image\/jpeg\" \/>\n<meta name=\"author\" content=\"gadprdanielcordovatoral\" \/>\n<meta name=\"twitter:card\" content=\"summary_large_image\" \/>\n<meta name=\"twitter:label1\" content=\"Escrito por\" \/>\n\t<meta name=\"twitter:data1\" content=\"gadprdanielcordovatoral\" \/>\n\t<meta name=\"twitter:label2\" content=\"Tiempo de lectura\" \/>\n\t<meta name=\"twitter:data2\" content=\"2 minutos\" \/>\n<script type=\"application\/ld+json\" class=\"yoast-schema-graph\">{\"@context\":\"https:\\\/\\\/schema.org\",\"@graph\":[{\"@type\":\"Article\",\"@id\":\"https:\\\/\\\/gadprdanielcordovatoral.gob.ec\\\/azuay2\\\/?p=3939#article\",\"isPartOf\":{\"@id\":\"https:\\\/\\\/gadprdanielcordovatoral.gob.ec\\\/azuay2\\\/?p=3939\"},\"author\":{\"name\":\"gadprdanielcordovatoral\",\"@id\":\"https:\\\/\\\/gadprdanielcordovatoral.gob.ec\\\/azuay2\\\/#\\\/schema\\\/person\\\/a5ead4f8e52bb5bbbfdd443ca91303f2\"},\"headline\":\"Autoridades parroquiales de Daniel C\u00f3rdova Toral rindieron cuentas a la ciudadan\u00eda\",\"datePublished\":\"2025-07-31T18:11:23+00:00\",\"dateModified\":\"2025-08-04T14:53:02+00:00\",\"mainEntityOfPage\":{\"@id\":\"https:\\\/\\\/gadprdanielcordovatoral.gob.ec\\\/azuay2\\\/?p=3939\"},\"wordCount\":190,\"publisher\":{\"@id\":\"https:\\\/\\\/gadprdanielcordovatoral.gob.ec\\\/azuay2\\\/#organization\"},\"image\":{\"@id\":\"https:\\\/\\\/gadprdanielcordovatoral.gob.ec\\\/azuay2\\\/?p=3939#primaryimage\"},\"thumbnailUrl\":\"https:\\\/\\\/gadprdanielcordovatoral.gob.ec\\\/azuay2\\\/wp-content\\\/uploads\\\/2025\\\/07\\\/WhatsApp-Image-2025-07-31-at-11.40.37-AM.jpeg\",\"inLanguage\":\"es\"},{\"@type\":\"WebPage\",\"@id\":\"https:\\\/\\\/gadprdanielcordovatoral.gob.ec\\\/azuay2\\\/?p=3939\",\"url\":\"https:\\\/\\\/gadprdanielcordovatoral.gob.ec\\\/azuay2\\\/?p=3939\",\"name\":\"Autoridades parroquiales de Daniel C\u00f3rdova Toral rindieron cuentas a la ciudadan\u00eda -\",\"isPartOf\":{\"@id\":\"https:\\\/\\\/gadprdanielcordovatoral.gob.ec\\\/azuay2\\\/#website\"},\"primaryImageOfPage\":{\"@id\":\"https:\\\/\\\/gadprdanielcordovatoral.gob.ec\\\/azuay2\\\/?p=3939#primaryimage\"},\"image\":{\"@id\":\"https:\\\/\\\/gadprdanielcordovatoral.gob.ec\\\/azuay2\\\/?p=3939#primaryimage\"},\"thumbnailUrl\":\"https:\\\/\\\/gadprdanielcordovatoral.gob.ec\\\/azuay2\\\/wp-content\\\/uploads\\\/2025\\\/07\\\/WhatsApp-Image-2025-07-31-at-11.40.37-AM.jpeg\",\"datePublished\":\"2025-07-31T18:11:23+00:00\",\"dateModified\":\"2025-08-04T14:53:02+00:00\",\"breadcrumb\":{\"@id\":\"https:\\\/\\\/gadprdanielcordovatoral.gob.ec\\\/azuay2\\\/?p=3939#breadcrumb\"},\"inLanguage\":\"es\",\"potentialAction\":[{\"@type\":\"ReadAction\",\"target\":[\"https:\\\/\\\/gadprdanielcordovatoral.gob.ec\\\/azuay2\\\/?p=3939\"]}]},{\"@type\":\"ImageObject\",\"inLanguage\":\"es\",\"@id\":\"https:\\\/\\\/gadprdanielcordovatoral.gob.ec\\\/azuay2\\\/?p=3939#primaryimage\",\"url\":\"https:\\\/\\\/gadprdanielcordovatoral.gob.ec\\\/azuay2\\\/wp-content\\\/uploads\\\/2025\\\/07\\\/WhatsApp-Image-2025-07-31-at-11.40.37-AM.jpeg\",\"contentUrl\":\"https:\\\/\\\/gadprdanielcordovatoral.gob.ec\\\/azuay2\\\/wp-content\\\/uploads\\\/2025\\\/07\\\/WhatsApp-Image-2025-07-31-at-11.40.37-AM.jpeg\",\"width\":1280,\"height\":960},{\"@type\":\"BreadcrumbList\",\"@id\":\"https:\\\/\\\/gadprdanielcordovatoral.gob.ec\\\/azuay2\\\/?p=3939#breadcrumb\",\"itemListElement\":[{\"@type\":\"ListItem\",\"position\":1,\"name\":\"Home\",\"item\":\"https:\\\/\\\/gadprdanielcordovatoral.gob.ec\\\/azuay2\\\/\"},{\"@type\":\"ListItem\",\"position\":2,\"name\":\"Autoridades parroquiales de Daniel C\u00f3rdova Toral rindieron cuentas a la ciudadan\u00eda\"}]},{\"@type\":\"WebSite\",\"@id\":\"https:\\\/\\\/gadprdanielcordovatoral.gob.ec\\\/azuay2\\\/#website\",\"url\":\"https:\\\/\\\/gadprdanielcordovatoral.gob.ec\\\/azuay2\\\/\",\"name\":\"GAD Parroquial de Daniel C\u00f3rdova Toral\",\"description\":\"Sitio Oficial del GAD Parroquial Daniel C\u00f3rdova Toral Azuay\",\"publisher\":{\"@id\":\"https:\\\/\\\/gadprdanielcordovatoral.gob.ec\\\/azuay2\\\/#organization\"},\"potentialAction\":[{\"@type\":\"SearchAction\",\"target\":{\"@type\":\"EntryPoint\",\"urlTemplate\":\"https:\\\/\\\/gadprdanielcordovatoral.gob.ec\\\/azuay2\\\/?s={search_term_string}\"},\"query-input\":{\"@type\":\"PropertyValueSpecification\",\"valueRequired\":true,\"valueName\":\"search_term_string\"}}],\"inLanguage\":\"es\"},{\"@type\":\"Organization\",\"@id\":\"https:\\\/\\\/gadprdanielcordovatoral.gob.ec\\\/azuay2\\\/#organization\",\"name\":\"GAD Parroquial de Daniel Cordova Toral\",\"url\":\"https:\\\/\\\/gadprdanielcordovatoral.gob.ec\\\/azuay2\\\/\",\"logo\":{\"@type\":\"ImageObject\",\"inLanguage\":\"es\",\"@id\":\"https:\\\/\\\/gadprdanielcordovatoral.gob.ec\\\/azuay2\\\/#\\\/schema\\\/logo\\\/image\\\/\",\"url\":\"https:\\\/\\\/gadprdanielcordovatoral.gob.ec\\\/azuay2\\\/wp-content\\\/uploads\\\/2020\\\/07\\\/logoFooter.png\",\"contentUrl\":\"https:\\\/\\\/gadprdanielcordovatoral.gob.ec\\\/azuay2\\\/wp-content\\\/uploads\\\/2020\\\/07\\\/logoFooter.png\",\"width\":200,\"height\":150,\"caption\":\"GAD Parroquial de Daniel Cordova Toral\"},\"image\":{\"@id\":\"https:\\\/\\\/gadprdanielcordovatoral.gob.ec\\\/azuay2\\\/#\\\/schema\\\/logo\\\/image\\\/\"}},{\"@type\":\"Person\",\"@id\":\"https:\\\/\\\/gadprdanielcordovatoral.gob.ec\\\/azuay2\\\/#\\\/schema\\\/person\\\/a5ead4f8e52bb5bbbfdd443ca91303f2\",\"name\":\"gadprdanielcordovatoral\",\"image\":{\"@type\":\"ImageObject\",\"inLanguage\":\"es\",\"@id\":\"https:\\\/\\\/secure.gravatar.com\\\/avatar\\\/e1643d2e2a6373e4ffdbdc872f107ad4e7441a6fb39bdeeae230dc0ad0ca8a2d?s=96&d=mm&r=g\",\"url\":\"https:\\\/\\\/secure.gravatar.com\\\/avatar\\\/e1643d2e2a6373e4ffdbdc872f107ad4e7441a6fb39bdeeae230dc0ad0ca8a2d?s=96&d=mm&r=g\",\"contentUrl\":\"https:\\\/\\\/secure.gravatar.com\\\/avatar\\\/e1643d2e2a6373e4ffdbdc872f107ad4e7441a6fb39bdeeae230dc0ad0ca8a2d?s=96&d=mm&r=g\",\"caption\":\"gadprdanielcordovatoral\"},\"sameAs\":[\"http:\\\/\\\/gadprdanielcordovatoral.gob.ec\",\"https:\\\/\\\/www.facebook.com\\\/share\\\/14wk1nVs42\\\/?mibextid=wwXIfr\"],\"url\":\"https:\\\/\\\/gadprdanielcordovatoral.gob.ec\\\/azuay2\\\/?author=7\"}]}<\/script>\n<!-- \/ Yoast SEO plugin. -->","yoast_head_json":{"title":"Autoridades parroquiales de Daniel C\u00f3rdova Toral rindieron cuentas a la ciudadan\u00eda -","robots":{"index":"index","follow":"follow","max-snippet":"max-snippet:-1","max-image-preview":"max-image-preview:large","max-video-preview":"max-video-preview:-1"},"canonical":"https:\/\/gadprdanielcordovatoral.gob.ec\/azuay2\/?p=3939","og_locale":"es_ES","og_type":"article","og_title":"Autoridades parroquiales de Daniel C\u00f3rdova Toral rindieron cuentas a la ciudadan\u00eda -","og_description":"Con la presencia de dirigentes barriales, asociaciones, representantes de Juntas de Agua y ciudadan\u00eda en general se llev\u00f3 a cabo el proceso de Deliberaci\u00f3n P\u00fablica de Rendici\u00f3n de Cuentas correspondiente al periodo fiscal 2024. Espacio en el que Vocales y Presidente, expusieron el trabajo realizado durante el a\u00f1o 2024 en las diferentes comisiones. Adem\u00e1s se [&hellip;]","og_url":"https:\/\/gadprdanielcordovatoral.gob.ec\/azuay2\/?p=3939","article_author":"https:\/\/www.facebook.com\/share\/14wk1nVs42\/?mibextid=wwXIfr","article_published_time":"2025-07-31T18:11:23+00:00","article_modified_time":"2025-08-04T14:53:02+00:00","og_image":[{"width":1280,"height":960,"url":"https:\/\/gadprdanielcordovatoral.gob.ec\/azuay2\/wp-content\/uploads\/2025\/07\/WhatsApp-Image-2025-07-31-at-11.40.37-AM.jpeg","type":"image\/jpeg"}],"author":"gadprdanielcordovatoral","twitter_card":"summary_large_image","twitter_misc":{"Escrito por":"gadprdanielcordovatoral","Tiempo de lectura":"2 minutos"},"schema":{"@context":"https:\/\/schema.org","@graph":[{"@type":"Article","@id":"https:\/\/gadprdanielcordovatoral.gob.ec\/azuay2\/?p=3939#article","isPartOf":{"@id":"https:\/\/gadprdanielcordovatoral.gob.ec\/azuay2\/?p=3939"},"author":{"name":"gadprdanielcordovatoral","@id":"https:\/\/gadprdanielcordovatoral.gob.ec\/azuay2\/#\/schema\/person\/a5ead4f8e52bb5bbbfdd443ca91303f2"},"headline":"Autoridades parroquiales de Daniel C\u00f3rdova Toral rindieron cuentas a la ciudadan\u00eda","datePublished":"2025-07-31T18:11:23+00:00","dateModified":"2025-08-04T14:53:02+00:00","mainEntityOfPage":{"@id":"https:\/\/gadprdanielcordovatoral.gob.ec\/azuay2\/?p=3939"},"wordCount":190,"publisher":{"@id":"https:\/\/gadprdanielcordovatoral.gob.ec\/azuay2\/#organization"},"image":{"@id":"https:\/\/gadprdanielcordovatoral.gob.ec\/azuay2\/?p=3939#primaryimage"},"thumbnailUrl":"https:\/\/gadprdanielcordovatoral.gob.ec\/azuay2\/wp-content\/uploads\/2025\/07\/WhatsApp-Image-2025-07-31-at-11.40.37-AM.jpeg","inLanguage":"es"},{"@type":"WebPage","@id":"https:\/\/gadprdanielcordovatoral.gob.ec\/azuay2\/?p=3939","url":"https:\/\/gadprdanielcordovatoral.gob.ec\/azuay2\/?p=3939","name":"Autoridades parroquiales de Daniel C\u00f3rdova Toral rindieron cuentas a la ciudadan\u00eda -","isPartOf":{"@id":"https:\/\/gadprdanielcordovatoral.gob.ec\/azuay2\/#website"},"primaryImageOfPage":{"@id":"https:\/\/gadprdanielcordovatoral.gob.ec\/azuay2\/?p=3939#primaryimage"},"image":{"@id":"https:\/\/gadprdanielcordovatoral.gob.ec\/azuay2\/?p=3939#primaryimage"},"thumbnailUrl":"https:\/\/gadprdanielcordovatoral.gob.ec\/azuay2\/wp-content\/uploads\/2025\/07\/WhatsApp-Image-2025-07-31-at-11.40.37-AM.jpeg","datePublished":"2025-07-31T18:11:23+00:00","dateModified":"2025-08-04T14:53:02+00:00","breadcrumb":{"@id":"https:\/\/gadprdanielcordovatoral.gob.ec\/azuay2\/?p=3939#breadcrumb"},"inLanguage":"es","potentialAction":[{"@type":"ReadAction","target":["https:\/\/gadprdanielcordovatoral.gob.ec\/azuay2\/?p=3939"]}]},{"@type":"ImageObject","inLanguage":"es","@id":"https:\/\/gadprdanielcordovatoral.gob.ec\/azuay2\/?p=3939#primaryimage","url":"https:\/\/gadprdanielcordovatoral.gob.ec\/azuay2\/wp-content\/uploads\/2025\/07\/WhatsApp-Image-2025-07-31-at-11.40.37-AM.jpeg","contentUrl":"https:\/\/gadprdanielcordovatoral.gob.ec\/azuay2\/wp-content\/uploads\/2025\/07\/WhatsApp-Image-2025-07-31-at-11.40.37-AM.jpeg","width":1280,"height":960},{"@type":"BreadcrumbList","@id":"https:\/\/gadprdanielcordovatoral.gob.ec\/azuay2\/?p=3939#breadcrumb","itemListElement":[{"@type":"ListItem","position":1,"name":"Home","item":"https:\/\/gadprdanielcordovatoral.gob.ec\/azuay2\/"},{"@type":"ListItem","position":2,"name":"Autoridades parroquiales de Daniel C\u00f3rdova Toral rindieron cuentas a la ciudadan\u00eda"}]},{"@type":"WebSite","@id":"https:\/\/gadprdanielcordovatoral.gob.ec\/azuay2\/#website","url":"https:\/\/gadprdanielcordovatoral.gob.ec\/azuay2\/","name":"GAD Parroquial de Daniel C\u00f3rdova Toral","description":"Sitio Oficial del GAD Parroquial Daniel C\u00f3rdova Toral Azuay","publisher":{"@id":"https:\/\/gadprdanielcordovatoral.gob.ec\/azuay2\/#organization"},"potentialAction":[{"@type":"SearchAction","target":{"@type":"EntryPoint","urlTemplate":"https:\/\/gadprdanielcordovatoral.gob.ec\/azuay2\/?s={search_term_string}"},"query-input":{"@type":"PropertyValueSpecification","valueRequired":true,"valueName":"search_term_string"}}],"inLanguage":"es"},{"@type":"Organization","@id":"https:\/\/gadprdanielcordovatoral.gob.ec\/azuay2\/#organization","name":"GAD Parroquial de Daniel Cordova Toral","url":"https:\/\/gadprdanielcordovatoral.gob.ec\/azuay2\/","logo":{"@type":"ImageObject","inLanguage":"es","@id":"https:\/\/gadprdanielcordovatoral.gob.ec\/azuay2\/#\/schema\/logo\/image\/","url":"https:\/\/gadprdanielcordovatoral.gob.ec\/azuay2\/wp-content\/uploads\/2020\/07\/logoFooter.png","contentUrl":"https:\/\/gadprdanielcordovatoral.gob.ec\/azuay2\/wp-content\/uploads\/2020\/07\/logoFooter.png","width":200,"height":150,"caption":"GAD Parroquial de Daniel Cordova Toral"},"image":{"@id":"https:\/\/gadprdanielcordovatoral.gob.ec\/azuay2\/#\/schema\/logo\/image\/"}},{"@type":"Person","@id":"https:\/\/gadprdanielcordovatoral.gob.ec\/azuay2\/#\/schema\/person\/a5ead4f8e52bb5bbbfdd443ca91303f2","name":"gadprdanielcordovatoral","image":{"@type":"ImageObject","inLanguage":"es","@id":"https:\/\/secure.gravatar.com\/avatar\/e1643d2e2a6373e4ffdbdc872f107ad4e7441a6fb39bdeeae230dc0ad0ca8a2d?s=96&d=mm&r=g","url":"https:\/\/secure.gravatar.com\/avatar\/e1643d2e2a6373e4ffdbdc872f107ad4e7441a6fb39bdeeae230dc0ad0ca8a2d?s=96&d=mm&r=g","contentUrl":"https:\/\/secure.gravatar.com\/avatar\/e1643d2e2a6373e4ffdbdc872f107ad4e7441a6fb39bdeeae230dc0ad0ca8a2d?s=96&d=mm&r=g","caption":"gadprdanielcordovatoral"},"sameAs":["http:\/\/gadprdanielcordovatoral.gob.ec","https:\/\/www.facebook.com\/share\/14wk1nVs42\/?mibextid=wwXIfr"],"url":"https:\/\/gadprdanielcordovatoral.gob.ec\/azuay2\/?author=7"}]}},"_links":{"self":[{"href":"https:\/\/gadprdanielcordovatoral.gob.ec\/azuay2\/index.php?rest_route=\/wp\/v2\/posts\/3939","targetHints":{"allow":["GET"]}}],"collection":[{"href":"https:\/\/gadprdanielcordovatoral.gob.ec\/azuay2\/index.php?rest_route=\/wp\/v2\/posts"}],"about":[{"href":"https:\/\/gadprdanielcordovatoral.gob.ec\/azuay2\/index.php?rest_route=\/wp\/v2\/types\/post"}],"author":[{"embeddable":true,"href":"https:\/\/gadprdanielcordovatoral.gob.ec\/azuay2\/index.php?rest_route=\/wp\/v2\/users\/7"}],"replies":[{"embeddable":true,"href":"https:\/\/gadprdanielcordovatoral.gob.ec\/azuay2\/index.php?rest_route=%2Fwp%2Fv2%2Fcomments&post=3939"}],"version-history":[{"count":5,"href":"https:\/\/gadprdanielcordovatoral.gob.ec\/azuay2\/index.php?rest_route=\/wp\/v2\/posts\/3939\/revisions"}],"predecessor-version":[{"id":3962,"href":"https:\/\/gadprdanielcordovatoral.gob.ec\/azuay2\/index.php?rest_route=\/wp\/v2\/posts\/3939\/revisions\/3962"}],"wp:featuredmedia":[{"embeddable":true,"href":"https:\/\/gadprdanielcordovatoral.gob.ec\/azuay2\/index.php?rest_route=\/wp\/v2\/media\/3946"}],"wp:attachment":[{"href":"https:\/\/gadprdanielcordovatoral.gob.ec\/azuay2\/index.php?rest_route=%2Fwp%2Fv2%2Fmedia&parent=3939"}],"wp:term":[{"taxonomy":"category","embeddable":true,"href":"https:\/\/gadprdanielcordovatoral.gob.ec\/azuay2\/index.php?rest_route=%2Fwp%2Fv2%2Fcategories&post=3939"},{"taxonomy":"post_tag","embeddable":true,"href":"https:\/\/gadprdanielcordovatoral.gob.ec\/azuay2\/index.php?rest_route=%2Fwp%2Fv2%2Ftags&post=3939"}],"curies":[{"name":"wp","href":"https:\/\/api.w.org\/{rel}","templated":true}]}}