{"id":4083,"date":"2025-09-11T12:14:51","date_gmt":"2025-09-11T17:14:51","guid":{"rendered":"https:\/\/gadprdanielcordovatoral.gob.ec\/azuay2\/?p=4083"},"modified":"2025-09-11T12:14:51","modified_gmt":"2025-09-11T17:14:51","slug":"asamblea-de-priorizacion-de-obras-2025","status":"publish","type":"post","link":"https:\/\/gadprdanielcordovatoral.gob.ec\/azuay2\/?p=4083","title":{"rendered":"Asamblea de Priorizaci\u00f3n de Obras 2025"},"content":{"rendered":"<p data-start=\"159\" data-end=\"409\">En nuestra parroquia se llev\u00f3 a cabo la Asamblea de Priorizaci\u00f3n de Obras 2025, un espacio de di\u00e1logo y construcci\u00f3n colectiva que cont\u00f3 con la participaci\u00f3n activa de l\u00edderes y lideresas de organizaciones, Juntas de Agua, barrios y comunidades.<\/p>\n<p style=\"text-align: left;\" data-start=\"159\" data-end=\"409\"><a href=\"https:\/\/gadprdanielcordovatoral.gob.ec\/azuay2\/?attachment_id=4087\" rel=\"attachment wp-att-4087\"><img fetchpriority=\"high\" decoding=\"async\" class=\"wp-image-4087 alignleft\" src=\"https:\/\/gadprdanielcordovatoral.gob.ec\/azuay2\/wp-content\/uploads\/2025\/09\/543449890_1342061627922655_4114103079225870591_n-550x413.jpg\" alt=\"\" width=\"299\" height=\"224\" srcset=\"https:\/\/gadprdanielcordovatoral.gob.ec\/azuay2\/wp-content\/uploads\/2025\/09\/543449890_1342061627922655_4114103079225870591_n-550x413.jpg 550w, https:\/\/gadprdanielcordovatoral.gob.ec\/azuay2\/wp-content\/uploads\/2025\/09\/543449890_1342061627922655_4114103079225870591_n-1024x768.jpg 1024w, https:\/\/gadprdanielcordovatoral.gob.ec\/azuay2\/wp-content\/uploads\/2025\/09\/543449890_1342061627922655_4114103079225870591_n-768x576.jpg 768w, https:\/\/gadprdanielcordovatoral.gob.ec\/azuay2\/wp-content\/uploads\/2025\/09\/543449890_1342061627922655_4114103079225870591_n-1536x1152.jpg 1536w, https:\/\/gadprdanielcordovatoral.gob.ec\/azuay2\/wp-content\/uploads\/2025\/09\/543449890_1342061627922655_4114103079225870591_n.jpg 2048w\" sizes=\"(max-width: 299px) 100vw, 299px\" \/> <\/a><a href=\"https:\/\/gadprdanielcordovatoral.gob.ec\/azuay2\/?attachment_id=4085\" rel=\"attachment wp-att-4085\"><img decoding=\"async\" class=\"alignnone  wp-image-4085\" src=\"https:\/\/gadprdanielcordovatoral.gob.ec\/azuay2\/wp-content\/uploads\/2025\/09\/541672687_1342062204589264_4897662385667261680_n-550x733.jpg\" alt=\"\" width=\"169\" height=\"226\" srcset=\"https:\/\/gadprdanielcordovatoral.gob.ec\/azuay2\/wp-content\/uploads\/2025\/09\/541672687_1342062204589264_4897662385667261680_n-550x733.jpg 550w, https:\/\/gadprdanielcordovatoral.gob.ec\/azuay2\/wp-content\/uploads\/2025\/09\/541672687_1342062204589264_4897662385667261680_n-768x1024.jpg 768w, https:\/\/gadprdanielcordovatoral.gob.ec\/azuay2\/wp-content\/uploads\/2025\/09\/541672687_1342062204589264_4897662385667261680_n-1152x1536.jpg 1152w, https:\/\/gadprdanielcordovatoral.gob.ec\/azuay2\/wp-content\/uploads\/2025\/09\/541672687_1342062204589264_4897662385667261680_n.jpg 1536w\" sizes=\"(max-width: 169px) 100vw, 169px\" \/>\u00a0\u00a0<\/a><\/p>\n<p data-start=\"411\" data-end=\"591\">\n<p data-start=\"411\" data-end=\"591\">El compromiso y los valiosos aportes de los asistentes fueron fundamentales para definir las obras prioritarias que impulsar\u00e1n el desarrollo y bienestar de nuestra comunidad.<\/p>\n<p data-start=\"593\" data-end=\"745\">Este ejercicio participativo reafirma la importancia del trabajo conjunto para construir un futuro m\u00e1s justo y equitativo en Daniel C\u00f3rdova Toral.<a href=\"https:\/\/gadprdanielcordovatoral.gob.ec\/azuay2\/?attachment_id=4086\" rel=\"attachment wp-att-4086\"><img decoding=\"async\" class=\"wp-image-4086 aligncenter\" src=\"https:\/\/gadprdanielcordovatoral.gob.ec\/azuay2\/wp-content\/uploads\/2025\/09\/543063892_1342062534589231_5487496262253922509_n-550x413.jpg\" alt=\"\" width=\"337\" height=\"253\" srcset=\"https:\/\/gadprdanielcordovatoral.gob.ec\/azuay2\/wp-content\/uploads\/2025\/09\/543063892_1342062534589231_5487496262253922509_n-550x413.jpg 550w, https:\/\/gadprdanielcordovatoral.gob.ec\/azuay2\/wp-content\/uploads\/2025\/09\/543063892_1342062534589231_5487496262253922509_n-1024x768.jpg 1024w, https:\/\/gadprdanielcordovatoral.gob.ec\/azuay2\/wp-content\/uploads\/2025\/09\/543063892_1342062534589231_5487496262253922509_n-768x576.jpg 768w, https:\/\/gadprdanielcordovatoral.gob.ec\/azuay2\/wp-content\/uploads\/2025\/09\/543063892_1342062534589231_5487496262253922509_n-1536x1152.jpg 1536w, https:\/\/gadprdanielcordovatoral.gob.ec\/azuay2\/wp-content\/uploads\/2025\/09\/543063892_1342062534589231_5487496262253922509_n.jpg 2048w\" sizes=\"(max-width: 337px) 100vw, 337px\" \/><\/a><\/p>\n","protected":false},"excerpt":{"rendered":"<p>En nuestra parroquia se llev\u00f3 a cabo la Asamblea de Priorizaci\u00f3n de Obras 2025, un espacio de di\u00e1logo y construcci\u00f3n colectiva que cont\u00f3 con la participaci\u00f3n activa de l\u00edderes y lideresas de organizaciones, Juntas de Agua, barrios y comunidades. \u00a0\u00a0 El compromiso y los valiosos aportes de los asistentes fueron fundamentales para definir las obras [&hellip;]<\/p>\n","protected":false},"author":7,"featured_media":0,"comment_status":"closed","ping_status":"closed","sticky":false,"template":"","format":"standard","meta":{"footnotes":""},"categories":[1],"tags":[],"class_list":["post-4083","post","type-post","status-publish","format-standard","hentry","category-sin-categoria"],"yoast_head":"<!-- This site is optimized with the Yoast SEO plugin v27.5 - https:\/\/yoast.com\/product\/yoast-seo-wordpress\/ -->\n<title>Asamblea de Priorizaci\u00f3n de Obras 2025 -<\/title>\n<meta name=\"robots\" content=\"index, follow, max-snippet:-1, max-image-preview:large, max-video-preview:-1\" \/>\n<link rel=\"canonical\" href=\"https:\/\/gadprdanielcordovatoral.gob.ec\/azuay2\/?p=4083\" \/>\n<meta property=\"og:locale\" content=\"es_ES\" \/>\n<meta property=\"og:type\" content=\"article\" \/>\n<meta property=\"og:title\" content=\"Asamblea de Priorizaci\u00f3n de Obras 2025 -\" \/>\n<meta property=\"og:description\" content=\"En nuestra parroquia se llev\u00f3 a cabo la Asamblea de Priorizaci\u00f3n de Obras 2025, un espacio de di\u00e1logo y construcci\u00f3n colectiva que cont\u00f3 con la participaci\u00f3n activa de l\u00edderes y lideresas de organizaciones, Juntas de Agua, barrios y comunidades. \u00a0\u00a0 El compromiso y los valiosos aportes de los asistentes fueron fundamentales para definir las obras [&hellip;]\" \/>\n<meta property=\"og:url\" content=\"https:\/\/gadprdanielcordovatoral.gob.ec\/azuay2\/?p=4083\" \/>\n<meta property=\"article:author\" content=\"https:\/\/www.facebook.com\/share\/14wk1nVs42\/?mibextid=wwXIfr\" \/>\n<meta property=\"article:published_time\" content=\"2025-09-11T17:14:51+00:00\" \/>\n<meta property=\"og:image\" content=\"https:\/\/gadprdanielcordovatoral.gob.ec\/azuay2\/wp-content\/uploads\/2025\/09\/543449890_1342061627922655_4114103079225870591_n.jpg\" \/>\n\t<meta property=\"og:image:width\" content=\"2048\" \/>\n\t<meta property=\"og:image:height\" content=\"1536\" \/>\n\t<meta property=\"og:image:type\" content=\"image\/jpeg\" \/>\n<meta name=\"author\" content=\"gadprdanielcordovatoral\" \/>\n<meta name=\"twitter:card\" content=\"summary_large_image\" \/>\n<meta name=\"twitter:label1\" content=\"Escrito por\" \/>\n\t<meta name=\"twitter:data1\" content=\"gadprdanielcordovatoral\" \/>\n\t<meta name=\"twitter:label2\" content=\"Tiempo de lectura\" \/>\n\t<meta name=\"twitter:data2\" content=\"1 minuto\" \/>\n<script type=\"application\/ld+json\" class=\"yoast-schema-graph\">{\"@context\":\"https:\\\/\\\/schema.org\",\"@graph\":[{\"@type\":\"Article\",\"@id\":\"https:\\\/\\\/gadprdanielcordovatoral.gob.ec\\\/azuay2\\\/?p=4083#article\",\"isPartOf\":{\"@id\":\"https:\\\/\\\/gadprdanielcordovatoral.gob.ec\\\/azuay2\\\/?p=4083\"},\"author\":{\"name\":\"gadprdanielcordovatoral\",\"@id\":\"https:\\\/\\\/gadprdanielcordovatoral.gob.ec\\\/azuay2\\\/#\\\/schema\\\/person\\\/a5ead4f8e52bb5bbbfdd443ca91303f2\"},\"headline\":\"Asamblea de Priorizaci\u00f3n de Obras 2025\",\"datePublished\":\"2025-09-11T17:14:51+00:00\",\"mainEntityOfPage\":{\"@id\":\"https:\\\/\\\/gadprdanielcordovatoral.gob.ec\\\/azuay2\\\/?p=4083\"},\"wordCount\":98,\"publisher\":{\"@id\":\"https:\\\/\\\/gadprdanielcordovatoral.gob.ec\\\/azuay2\\\/#organization\"},\"image\":{\"@id\":\"https:\\\/\\\/gadprdanielcordovatoral.gob.ec\\\/azuay2\\\/?p=4083#primaryimage\"},\"thumbnailUrl\":\"https:\\\/\\\/gadprdanielcordovatoral.gob.ec\\\/azuay2\\\/wp-content\\\/uploads\\\/2025\\\/09\\\/543449890_1342061627922655_4114103079225870591_n-550x413.jpg\",\"inLanguage\":\"es\"},{\"@type\":\"WebPage\",\"@id\":\"https:\\\/\\\/gadprdanielcordovatoral.gob.ec\\\/azuay2\\\/?p=4083\",\"url\":\"https:\\\/\\\/gadprdanielcordovatoral.gob.ec\\\/azuay2\\\/?p=4083\",\"name\":\"Asamblea de Priorizaci\u00f3n de Obras 2025 -\",\"isPartOf\":{\"@id\":\"https:\\\/\\\/gadprdanielcordovatoral.gob.ec\\\/azuay2\\\/#website\"},\"primaryImageOfPage\":{\"@id\":\"https:\\\/\\\/gadprdanielcordovatoral.gob.ec\\\/azuay2\\\/?p=4083#primaryimage\"},\"image\":{\"@id\":\"https:\\\/\\\/gadprdanielcordovatoral.gob.ec\\\/azuay2\\\/?p=4083#primaryimage\"},\"thumbnailUrl\":\"https:\\\/\\\/gadprdanielcordovatoral.gob.ec\\\/azuay2\\\/wp-content\\\/uploads\\\/2025\\\/09\\\/543449890_1342061627922655_4114103079225870591_n-550x413.jpg\",\"datePublished\":\"2025-09-11T17:14:51+00:00\",\"breadcrumb\":{\"@id\":\"https:\\\/\\\/gadprdanielcordovatoral.gob.ec\\\/azuay2\\\/?p=4083#breadcrumb\"},\"inLanguage\":\"es\",\"potentialAction\":[{\"@type\":\"ReadAction\",\"target\":[\"https:\\\/\\\/gadprdanielcordovatoral.gob.ec\\\/azuay2\\\/?p=4083\"]}]},{\"@type\":\"ImageObject\",\"inLanguage\":\"es\",\"@id\":\"https:\\\/\\\/gadprdanielcordovatoral.gob.ec\\\/azuay2\\\/?p=4083#primaryimage\",\"url\":\"https:\\\/\\\/gadprdanielcordovatoral.gob.ec\\\/azuay2\\\/wp-content\\\/uploads\\\/2025\\\/09\\\/543449890_1342061627922655_4114103079225870591_n.jpg\",\"contentUrl\":\"https:\\\/\\\/gadprdanielcordovatoral.gob.ec\\\/azuay2\\\/wp-content\\\/uploads\\\/2025\\\/09\\\/543449890_1342061627922655_4114103079225870591_n.jpg\",\"width\":2048,\"height\":1536},{\"@type\":\"BreadcrumbList\",\"@id\":\"https:\\\/\\\/gadprdanielcordovatoral.gob.ec\\\/azuay2\\\/?p=4083#breadcrumb\",\"itemListElement\":[{\"@type\":\"ListItem\",\"position\":1,\"name\":\"Home\",\"item\":\"https:\\\/\\\/gadprdanielcordovatoral.gob.ec\\\/azuay2\\\/\"},{\"@type\":\"ListItem\",\"position\":2,\"name\":\"Asamblea de Priorizaci\u00f3n de Obras 2025\"}]},{\"@type\":\"WebSite\",\"@id\":\"https:\\\/\\\/gadprdanielcordovatoral.gob.ec\\\/azuay2\\\/#website\",\"url\":\"https:\\\/\\\/gadprdanielcordovatoral.gob.ec\\\/azuay2\\\/\",\"name\":\"GAD Parroquial de Daniel C\u00f3rdova Toral\",\"description\":\"Sitio Oficial del GAD Parroquial Daniel C\u00f3rdova Toral Azuay\",\"publisher\":{\"@id\":\"https:\\\/\\\/gadprdanielcordovatoral.gob.ec\\\/azuay2\\\/#organization\"},\"potentialAction\":[{\"@type\":\"SearchAction\",\"target\":{\"@type\":\"EntryPoint\",\"urlTemplate\":\"https:\\\/\\\/gadprdanielcordovatoral.gob.ec\\\/azuay2\\\/?s={search_term_string}\"},\"query-input\":{\"@type\":\"PropertyValueSpecification\",\"valueRequired\":true,\"valueName\":\"search_term_string\"}}],\"inLanguage\":\"es\"},{\"@type\":\"Organization\",\"@id\":\"https:\\\/\\\/gadprdanielcordovatoral.gob.ec\\\/azuay2\\\/#organization\",\"name\":\"GAD Parroquial de Daniel Cordova Toral\",\"url\":\"https:\\\/\\\/gadprdanielcordovatoral.gob.ec\\\/azuay2\\\/\",\"logo\":{\"@type\":\"ImageObject\",\"inLanguage\":\"es\",\"@id\":\"https:\\\/\\\/gadprdanielcordovatoral.gob.ec\\\/azuay2\\\/#\\\/schema\\\/logo\\\/image\\\/\",\"url\":\"https:\\\/\\\/gadprdanielcordovatoral.gob.ec\\\/azuay2\\\/wp-content\\\/uploads\\\/2020\\\/07\\\/logoFooter.png\",\"contentUrl\":\"https:\\\/\\\/gadprdanielcordovatoral.gob.ec\\\/azuay2\\\/wp-content\\\/uploads\\\/2020\\\/07\\\/logoFooter.png\",\"width\":200,\"height\":150,\"caption\":\"GAD Parroquial de Daniel Cordova Toral\"},\"image\":{\"@id\":\"https:\\\/\\\/gadprdanielcordovatoral.gob.ec\\\/azuay2\\\/#\\\/schema\\\/logo\\\/image\\\/\"}},{\"@type\":\"Person\",\"@id\":\"https:\\\/\\\/gadprdanielcordovatoral.gob.ec\\\/azuay2\\\/#\\\/schema\\\/person\\\/a5ead4f8e52bb5bbbfdd443ca91303f2\",\"name\":\"gadprdanielcordovatoral\",\"image\":{\"@type\":\"ImageObject\",\"inLanguage\":\"es\",\"@id\":\"https:\\\/\\\/secure.gravatar.com\\\/avatar\\\/e1643d2e2a6373e4ffdbdc872f107ad4e7441a6fb39bdeeae230dc0ad0ca8a2d?s=96&d=mm&r=g\",\"url\":\"https:\\\/\\\/secure.gravatar.com\\\/avatar\\\/e1643d2e2a6373e4ffdbdc872f107ad4e7441a6fb39bdeeae230dc0ad0ca8a2d?s=96&d=mm&r=g\",\"contentUrl\":\"https:\\\/\\\/secure.gravatar.com\\\/avatar\\\/e1643d2e2a6373e4ffdbdc872f107ad4e7441a6fb39bdeeae230dc0ad0ca8a2d?s=96&d=mm&r=g\",\"caption\":\"gadprdanielcordovatoral\"},\"sameAs\":[\"http:\\\/\\\/gadprdanielcordovatoral.gob.ec\",\"https:\\\/\\\/www.facebook.com\\\/share\\\/14wk1nVs42\\\/?mibextid=wwXIfr\"],\"url\":\"https:\\\/\\\/gadprdanielcordovatoral.gob.ec\\\/azuay2\\\/?author=7\"}]}<\/script>\n<!-- \/ Yoast SEO plugin. -->","yoast_head_json":{"title":"Asamblea de Priorizaci\u00f3n de Obras 2025 -","robots":{"index":"index","follow":"follow","max-snippet":"max-snippet:-1","max-image-preview":"max-image-preview:large","max-video-preview":"max-video-preview:-1"},"canonical":"https:\/\/gadprdanielcordovatoral.gob.ec\/azuay2\/?p=4083","og_locale":"es_ES","og_type":"article","og_title":"Asamblea de Priorizaci\u00f3n de Obras 2025 -","og_description":"En nuestra parroquia se llev\u00f3 a cabo la Asamblea de Priorizaci\u00f3n de Obras 2025, un espacio de di\u00e1logo y construcci\u00f3n colectiva que cont\u00f3 con la participaci\u00f3n activa de l\u00edderes y lideresas de organizaciones, Juntas de Agua, barrios y comunidades. \u00a0\u00a0 El compromiso y los valiosos aportes de los asistentes fueron fundamentales para definir las obras [&hellip;]","og_url":"https:\/\/gadprdanielcordovatoral.gob.ec\/azuay2\/?p=4083","article_author":"https:\/\/www.facebook.com\/share\/14wk1nVs42\/?mibextid=wwXIfr","article_published_time":"2025-09-11T17:14:51+00:00","og_image":[{"width":2048,"height":1536,"url":"https:\/\/gadprdanielcordovatoral.gob.ec\/azuay2\/wp-content\/uploads\/2025\/09\/543449890_1342061627922655_4114103079225870591_n.jpg","type":"image\/jpeg"}],"author":"gadprdanielcordovatoral","twitter_card":"summary_large_image","twitter_misc":{"Escrito por":"gadprdanielcordovatoral","Tiempo de lectura":"1 minuto"},"schema":{"@context":"https:\/\/schema.org","@graph":[{"@type":"Article","@id":"https:\/\/gadprdanielcordovatoral.gob.ec\/azuay2\/?p=4083#article","isPartOf":{"@id":"https:\/\/gadprdanielcordovatoral.gob.ec\/azuay2\/?p=4083"},"author":{"name":"gadprdanielcordovatoral","@id":"https:\/\/gadprdanielcordovatoral.gob.ec\/azuay2\/#\/schema\/person\/a5ead4f8e52bb5bbbfdd443ca91303f2"},"headline":"Asamblea de Priorizaci\u00f3n de Obras 2025","datePublished":"2025-09-11T17:14:51+00:00","mainEntityOfPage":{"@id":"https:\/\/gadprdanielcordovatoral.gob.ec\/azuay2\/?p=4083"},"wordCount":98,"publisher":{"@id":"https:\/\/gadprdanielcordovatoral.gob.ec\/azuay2\/#organization"},"image":{"@id":"https:\/\/gadprdanielcordovatoral.gob.ec\/azuay2\/?p=4083#primaryimage"},"thumbnailUrl":"https:\/\/gadprdanielcordovatoral.gob.ec\/azuay2\/wp-content\/uploads\/2025\/09\/543449890_1342061627922655_4114103079225870591_n-550x413.jpg","inLanguage":"es"},{"@type":"WebPage","@id":"https:\/\/gadprdanielcordovatoral.gob.ec\/azuay2\/?p=4083","url":"https:\/\/gadprdanielcordovatoral.gob.ec\/azuay2\/?p=4083","name":"Asamblea de Priorizaci\u00f3n de Obras 2025 -","isPartOf":{"@id":"https:\/\/gadprdanielcordovatoral.gob.ec\/azuay2\/#website"},"primaryImageOfPage":{"@id":"https:\/\/gadprdanielcordovatoral.gob.ec\/azuay2\/?p=4083#primaryimage"},"image":{"@id":"https:\/\/gadprdanielcordovatoral.gob.ec\/azuay2\/?p=4083#primaryimage"},"thumbnailUrl":"https:\/\/gadprdanielcordovatoral.gob.ec\/azuay2\/wp-content\/uploads\/2025\/09\/543449890_1342061627922655_4114103079225870591_n-550x413.jpg","datePublished":"2025-09-11T17:14:51+00:00","breadcrumb":{"@id":"https:\/\/gadprdanielcordovatoral.gob.ec\/azuay2\/?p=4083#breadcrumb"},"inLanguage":"es","potentialAction":[{"@type":"ReadAction","target":["https:\/\/gadprdanielcordovatoral.gob.ec\/azuay2\/?p=4083"]}]},{"@type":"ImageObject","inLanguage":"es","@id":"https:\/\/gadprdanielcordovatoral.gob.ec\/azuay2\/?p=4083#primaryimage","url":"https:\/\/gadprdanielcordovatoral.gob.ec\/azuay2\/wp-content\/uploads\/2025\/09\/543449890_1342061627922655_4114103079225870591_n.jpg","contentUrl":"https:\/\/gadprdanielcordovatoral.gob.ec\/azuay2\/wp-content\/uploads\/2025\/09\/543449890_1342061627922655_4114103079225870591_n.jpg","width":2048,"height":1536},{"@type":"BreadcrumbList","@id":"https:\/\/gadprdanielcordovatoral.gob.ec\/azuay2\/?p=4083#breadcrumb","itemListElement":[{"@type":"ListItem","position":1,"name":"Home","item":"https:\/\/gadprdanielcordovatoral.gob.ec\/azuay2\/"},{"@type":"ListItem","position":2,"name":"Asamblea de Priorizaci\u00f3n de Obras 2025"}]},{"@type":"WebSite","@id":"https:\/\/gadprdanielcordovatoral.gob.ec\/azuay2\/#website","url":"https:\/\/gadprdanielcordovatoral.gob.ec\/azuay2\/","name":"GAD Parroquial de Daniel C\u00f3rdova Toral","description":"Sitio Oficial del GAD Parroquial Daniel C\u00f3rdova Toral Azuay","publisher":{"@id":"https:\/\/gadprdanielcordovatoral.gob.ec\/azuay2\/#organization"},"potentialAction":[{"@type":"SearchAction","target":{"@type":"EntryPoint","urlTemplate":"https:\/\/gadprdanielcordovatoral.gob.ec\/azuay2\/?s={search_term_string}"},"query-input":{"@type":"PropertyValueSpecification","valueRequired":true,"valueName":"search_term_string"}}],"inLanguage":"es"},{"@type":"Organization","@id":"https:\/\/gadprdanielcordovatoral.gob.ec\/azuay2\/#organization","name":"GAD Parroquial de Daniel Cordova Toral","url":"https:\/\/gadprdanielcordovatoral.gob.ec\/azuay2\/","logo":{"@type":"ImageObject","inLanguage":"es","@id":"https:\/\/gadprdanielcordovatoral.gob.ec\/azuay2\/#\/schema\/logo\/image\/","url":"https:\/\/gadprdanielcordovatoral.gob.ec\/azuay2\/wp-content\/uploads\/2020\/07\/logoFooter.png","contentUrl":"https:\/\/gadprdanielcordovatoral.gob.ec\/azuay2\/wp-content\/uploads\/2020\/07\/logoFooter.png","width":200,"height":150,"caption":"GAD Parroquial de Daniel Cordova Toral"},"image":{"@id":"https:\/\/gadprdanielcordovatoral.gob.ec\/azuay2\/#\/schema\/logo\/image\/"}},{"@type":"Person","@id":"https:\/\/gadprdanielcordovatoral.gob.ec\/azuay2\/#\/schema\/person\/a5ead4f8e52bb5bbbfdd443ca91303f2","name":"gadprdanielcordovatoral","image":{"@type":"ImageObject","inLanguage":"es","@id":"https:\/\/secure.gravatar.com\/avatar\/e1643d2e2a6373e4ffdbdc872f107ad4e7441a6fb39bdeeae230dc0ad0ca8a2d?s=96&d=mm&r=g","url":"https:\/\/secure.gravatar.com\/avatar\/e1643d2e2a6373e4ffdbdc872f107ad4e7441a6fb39bdeeae230dc0ad0ca8a2d?s=96&d=mm&r=g","contentUrl":"https:\/\/secure.gravatar.com\/avatar\/e1643d2e2a6373e4ffdbdc872f107ad4e7441a6fb39bdeeae230dc0ad0ca8a2d?s=96&d=mm&r=g","caption":"gadprdanielcordovatoral"},"sameAs":["http:\/\/gadprdanielcordovatoral.gob.ec","https:\/\/www.facebook.com\/share\/14wk1nVs42\/?mibextid=wwXIfr"],"url":"https:\/\/gadprdanielcordovatoral.gob.ec\/azuay2\/?author=7"}]}},"_links":{"self":[{"href":"https:\/\/gadprdanielcordovatoral.gob.ec\/azuay2\/index.php?rest_route=\/wp\/v2\/posts\/4083","targetHints":{"allow":["GET"]}}],"collection":[{"href":"https:\/\/gadprdanielcordovatoral.gob.ec\/azuay2\/index.php?rest_route=\/wp\/v2\/posts"}],"about":[{"href":"https:\/\/gadprdanielcordovatoral.gob.ec\/azuay2\/index.php?rest_route=\/wp\/v2\/types\/post"}],"author":[{"embeddable":true,"href":"https:\/\/gadprdanielcordovatoral.gob.ec\/azuay2\/index.php?rest_route=\/wp\/v2\/users\/7"}],"replies":[{"embeddable":true,"href":"https:\/\/gadprdanielcordovatoral.gob.ec\/azuay2\/index.php?rest_route=%2Fwp%2Fv2%2Fcomments&post=4083"}],"version-history":[{"count":6,"href":"https:\/\/gadprdanielcordovatoral.gob.ec\/azuay2\/index.php?rest_route=\/wp\/v2\/posts\/4083\/revisions"}],"predecessor-version":[{"id":4093,"href":"https:\/\/gadprdanielcordovatoral.gob.ec\/azuay2\/index.php?rest_route=\/wp\/v2\/posts\/4083\/revisions\/4093"}],"wp:attachment":[{"href":"https:\/\/gadprdanielcordovatoral.gob.ec\/azuay2\/index.php?rest_route=%2Fwp%2Fv2%2Fmedia&parent=4083"}],"wp:term":[{"taxonomy":"category","embeddable":true,"href":"https:\/\/gadprdanielcordovatoral.gob.ec\/azuay2\/index.php?rest_route=%2Fwp%2Fv2%2Fcategories&post=4083"},{"taxonomy":"post_tag","embeddable":true,"href":"https:\/\/gadprdanielcordovatoral.gob.ec\/azuay2\/index.php?rest_route=%2Fwp%2Fv2%2Ftags&post=4083"}],"curies":[{"name":"wp","href":"https:\/\/api.w.org\/{rel}","templated":true}]}}