{"id":4113,"date":"2026-02-23T14:33:46","date_gmt":"2026-02-23T19:33:46","guid":{"rendered":"https:\/\/gadprdanielcordovatoral.gob.ec\/azuay2\/?p=4113"},"modified":"2026-03-10T13:01:20","modified_gmt":"2026-03-10T18:01:20","slug":"daniel-cordova-toral-celebro-89-anos-de-vida-politica","status":"publish","type":"post","link":"https:\/\/gadprdanielcordovatoral.gob.ec\/azuay2\/?p=4113","title":{"rendered":"Cabalgata \u00abUrkupi Kaway\u00bb I Edici\u00f3n, se desarroll\u00f3 con \u00e9xito por los 89 a\u00f1os de parroquializaci\u00f3n"},"content":{"rendered":"<p>En conmemoraci\u00f3n de los 89 a\u00f1os de parroquializaci\u00f3n de Daniel C\u00f3rdova Toral, se llevaron a cabo una serie de actividades culturales y c\u00edvicas. Entre los eventos destacados, se realiz\u00f3 la primera edici\u00f3n de la Cabalgata \u00abUrkupi Kaway\u00bb, que reuni\u00f3 a entusiastas de los caballos y la naturaleza. Este recorrido, que tuvo una duraci\u00f3n aproximada de cuatro horas, se convirti\u00f3 en un espacio ideal para el intercambio comunitario, permitiendo a los participantes disfrutar de los impresionantes paisajes que adornan nuestra parroquia.<\/p>\n<p><a href=\"https:\/\/gadprdanielcordovatoral.gob.ec\/azuay2\/?attachment_id=4115\" rel=\"attachment wp-att-4115\"><img fetchpriority=\"high\" decoding=\"async\" class=\"wp-image-4115 alignleft\" src=\"https:\/\/gadprdanielcordovatoral.gob.ec\/azuay2\/wp-content\/uploads\/2026\/02\/622716550_1477404144388402_9041162886771013262_n-550x733.jpg\" alt=\"\" width=\"211\" height=\"282\" srcset=\"https:\/\/gadprdanielcordovatoral.gob.ec\/azuay2\/wp-content\/uploads\/2026\/02\/622716550_1477404144388402_9041162886771013262_n-550x733.jpg 550w, https:\/\/gadprdanielcordovatoral.gob.ec\/azuay2\/wp-content\/uploads\/2026\/02\/622716550_1477404144388402_9041162886771013262_n-768x1024.jpg 768w, https:\/\/gadprdanielcordovatoral.gob.ec\/azuay2\/wp-content\/uploads\/2026\/02\/622716550_1477404144388402_9041162886771013262_n-1152x1536.jpg 1152w, https:\/\/gadprdanielcordovatoral.gob.ec\/azuay2\/wp-content\/uploads\/2026\/02\/622716550_1477404144388402_9041162886771013262_n.jpg 1536w\" sizes=\"(max-width: 211px) 100vw, 211px\" \/><\/a> <a href=\"https:\/\/gadprdanielcordovatoral.gob.ec\/azuay2\/?attachment_id=4117\" rel=\"attachment wp-att-4117\"><img decoding=\"async\" class=\"wp-image-4117 alignleft\" src=\"https:\/\/gadprdanielcordovatoral.gob.ec\/azuay2\/wp-content\/uploads\/2026\/02\/624848422_1477403721055111_3995423085413313401_n-550x733.jpg\" alt=\"\" width=\"212\" height=\"282\" srcset=\"https:\/\/gadprdanielcordovatoral.gob.ec\/azuay2\/wp-content\/uploads\/2026\/02\/624848422_1477403721055111_3995423085413313401_n-550x733.jpg 550w, https:\/\/gadprdanielcordovatoral.gob.ec\/azuay2\/wp-content\/uploads\/2026\/02\/624848422_1477403721055111_3995423085413313401_n-768x1024.jpg 768w, https:\/\/gadprdanielcordovatoral.gob.ec\/azuay2\/wp-content\/uploads\/2026\/02\/624848422_1477403721055111_3995423085413313401_n-1152x1536.jpg 1152w, https:\/\/gadprdanielcordovatoral.gob.ec\/azuay2\/wp-content\/uploads\/2026\/02\/624848422_1477403721055111_3995423085413313401_n.jpg 1536w\" sizes=\"(max-width: 212px) 100vw, 212px\" \/><\/a><img decoding=\"async\" class=\"wp-image-4118 alignleft\" src=\"https:\/\/gadprdanielcordovatoral.gob.ec\/azuay2\/wp-content\/uploads\/2026\/02\/625331669_1477403211055162_6372797513917537627_n-550x366.jpg\" alt=\"\" width=\"272\" height=\"181\" srcset=\"https:\/\/gadprdanielcordovatoral.gob.ec\/azuay2\/wp-content\/uploads\/2026\/02\/625331669_1477403211055162_6372797513917537627_n-550x366.jpg 550w, https:\/\/gadprdanielcordovatoral.gob.ec\/azuay2\/wp-content\/uploads\/2026\/02\/625331669_1477403211055162_6372797513917537627_n-1024x682.jpg 1024w, https:\/\/gadprdanielcordovatoral.gob.ec\/azuay2\/wp-content\/uploads\/2026\/02\/625331669_1477403211055162_6372797513917537627_n-768x512.jpg 768w, https:\/\/gadprdanielcordovatoral.gob.ec\/azuay2\/wp-content\/uploads\/2026\/02\/625331669_1477403211055162_6372797513917537627_n-1536x1023.jpg 1536w, https:\/\/gadprdanielcordovatoral.gob.ec\/azuay2\/wp-content\/uploads\/2026\/02\/625331669_1477403211055162_6372797513917537627_n.jpg 1600w\" sizes=\"(max-width: 272px) 100vw, 272px\" \/><\/p>\n<p>&nbsp;<\/p>\n<p>&nbsp;<\/p>\n<p>&nbsp;<\/p>\n<p>&nbsp;<\/p>\n<p>&nbsp;<\/p>\n<p>&nbsp;<\/p>\n<p>&nbsp;<\/p>\n<p>&nbsp;<\/p>\n<p>&nbsp;<\/p>\n<p>Revisa la galer\u00eda completa en el siguiente enlace: https:\/\/www.facebook.com\/photo\/?fbid=1477400701055413&amp;set=pcb.1477403121055171<\/p>\n<p>&nbsp;<\/p>\n<p>&nbsp;<\/p>\n<p>&nbsp;<\/p>\n<p>&nbsp;<\/p>\n","protected":false},"excerpt":{"rendered":"<p>En conmemoraci\u00f3n de los 89 a\u00f1os de parroquializaci\u00f3n de Daniel C\u00f3rdova Toral, se llevaron a cabo una serie de actividades culturales y c\u00edvicas. Entre los eventos destacados, se realiz\u00f3 la primera edici\u00f3n de la Cabalgata \u00abUrkupi Kaway\u00bb, que reuni\u00f3 a entusiastas de los caballos y la naturaleza. Este recorrido, que tuvo una duraci\u00f3n aproximada de [&hellip;]<\/p>\n","protected":false},"author":7,"featured_media":4118,"comment_status":"closed","ping_status":"closed","sticky":false,"template":"","format":"standard","meta":{"footnotes":""},"categories":[1],"tags":[],"class_list":["post-4113","post","type-post","status-publish","format-standard","has-post-thumbnail","hentry","category-sin-categoria"],"yoast_head":"<!-- This site is optimized with the Yoast SEO plugin v27.5 - https:\/\/yoast.com\/product\/yoast-seo-wordpress\/ -->\n<title>Cabalgata &quot;Urkupi Kaway&quot; I Edici\u00f3n, se desarroll\u00f3 con \u00e9xito por los 89 a\u00f1os de parroquializaci\u00f3n -<\/title>\n<meta name=\"robots\" content=\"index, follow, max-snippet:-1, max-image-preview:large, max-video-preview:-1\" \/>\n<link rel=\"canonical\" href=\"https:\/\/gadprdanielcordovatoral.gob.ec\/azuay2\/?p=4113\" \/>\n<meta property=\"og:locale\" content=\"es_ES\" \/>\n<meta property=\"og:type\" content=\"article\" \/>\n<meta property=\"og:title\" content=\"Cabalgata &quot;Urkupi Kaway&quot; I Edici\u00f3n, se desarroll\u00f3 con \u00e9xito por los 89 a\u00f1os de parroquializaci\u00f3n -\" \/>\n<meta property=\"og:description\" content=\"En conmemoraci\u00f3n de los 89 a\u00f1os de parroquializaci\u00f3n de Daniel C\u00f3rdova Toral, se llevaron a cabo una serie de actividades culturales y c\u00edvicas. Entre los eventos destacados, se realiz\u00f3 la primera edici\u00f3n de la Cabalgata \u00abUrkupi Kaway\u00bb, que reuni\u00f3 a entusiastas de los caballos y la naturaleza. Este recorrido, que tuvo una duraci\u00f3n aproximada de [&hellip;]\" \/>\n<meta property=\"og:url\" content=\"https:\/\/gadprdanielcordovatoral.gob.ec\/azuay2\/?p=4113\" \/>\n<meta property=\"article:author\" content=\"https:\/\/www.facebook.com\/share\/14wk1nVs42\/?mibextid=wwXIfr\" \/>\n<meta property=\"article:published_time\" content=\"2026-02-23T19:33:46+00:00\" \/>\n<meta property=\"article:modified_time\" content=\"2026-03-10T18:01:20+00:00\" \/>\n<meta property=\"og:image\" content=\"https:\/\/gadprdanielcordovatoral.gob.ec\/azuay2\/wp-content\/uploads\/2026\/02\/625331669_1477403211055162_6372797513917537627_n.jpg\" \/>\n\t<meta property=\"og:image:width\" content=\"1600\" \/>\n\t<meta property=\"og:image:height\" content=\"1066\" \/>\n\t<meta property=\"og:image:type\" content=\"image\/jpeg\" \/>\n<meta name=\"author\" content=\"gadprdanielcordovatoral\" \/>\n<meta name=\"twitter:card\" content=\"summary_large_image\" \/>\n<meta name=\"twitter:label1\" content=\"Escrito por\" \/>\n\t<meta name=\"twitter:data1\" content=\"gadprdanielcordovatoral\" \/>\n\t<meta name=\"twitter:label2\" content=\"Tiempo de lectura\" \/>\n\t<meta name=\"twitter:data2\" content=\"2 minutos\" \/>\n<script type=\"application\/ld+json\" class=\"yoast-schema-graph\">{\"@context\":\"https:\\\/\\\/schema.org\",\"@graph\":[{\"@type\":\"Article\",\"@id\":\"https:\\\/\\\/gadprdanielcordovatoral.gob.ec\\\/azuay2\\\/?p=4113#article\",\"isPartOf\":{\"@id\":\"https:\\\/\\\/gadprdanielcordovatoral.gob.ec\\\/azuay2\\\/?p=4113\"},\"author\":{\"name\":\"gadprdanielcordovatoral\",\"@id\":\"https:\\\/\\\/gadprdanielcordovatoral.gob.ec\\\/azuay2\\\/#\\\/schema\\\/person\\\/a5ead4f8e52bb5bbbfdd443ca91303f2\"},\"headline\":\"Cabalgata \u00abUrkupi Kaway\u00bb I Edici\u00f3n, se desarroll\u00f3 con \u00e9xito por los 89 a\u00f1os de parroquializaci\u00f3n\",\"datePublished\":\"2026-02-23T19:33:46+00:00\",\"dateModified\":\"2026-03-10T18:01:20+00:00\",\"mainEntityOfPage\":{\"@id\":\"https:\\\/\\\/gadprdanielcordovatoral.gob.ec\\\/azuay2\\\/?p=4113\"},\"wordCount\":134,\"publisher\":{\"@id\":\"https:\\\/\\\/gadprdanielcordovatoral.gob.ec\\\/azuay2\\\/#organization\"},\"image\":{\"@id\":\"https:\\\/\\\/gadprdanielcordovatoral.gob.ec\\\/azuay2\\\/?p=4113#primaryimage\"},\"thumbnailUrl\":\"https:\\\/\\\/gadprdanielcordovatoral.gob.ec\\\/azuay2\\\/wp-content\\\/uploads\\\/2026\\\/02\\\/625331669_1477403211055162_6372797513917537627_n.jpg\",\"inLanguage\":\"es\"},{\"@type\":\"WebPage\",\"@id\":\"https:\\\/\\\/gadprdanielcordovatoral.gob.ec\\\/azuay2\\\/?p=4113\",\"url\":\"https:\\\/\\\/gadprdanielcordovatoral.gob.ec\\\/azuay2\\\/?p=4113\",\"name\":\"Cabalgata \\\"Urkupi Kaway\\\" I Edici\u00f3n, se desarroll\u00f3 con \u00e9xito por los 89 a\u00f1os de parroquializaci\u00f3n -\",\"isPartOf\":{\"@id\":\"https:\\\/\\\/gadprdanielcordovatoral.gob.ec\\\/azuay2\\\/#website\"},\"primaryImageOfPage\":{\"@id\":\"https:\\\/\\\/gadprdanielcordovatoral.gob.ec\\\/azuay2\\\/?p=4113#primaryimage\"},\"image\":{\"@id\":\"https:\\\/\\\/gadprdanielcordovatoral.gob.ec\\\/azuay2\\\/?p=4113#primaryimage\"},\"thumbnailUrl\":\"https:\\\/\\\/gadprdanielcordovatoral.gob.ec\\\/azuay2\\\/wp-content\\\/uploads\\\/2026\\\/02\\\/625331669_1477403211055162_6372797513917537627_n.jpg\",\"datePublished\":\"2026-02-23T19:33:46+00:00\",\"dateModified\":\"2026-03-10T18:01:20+00:00\",\"breadcrumb\":{\"@id\":\"https:\\\/\\\/gadprdanielcordovatoral.gob.ec\\\/azuay2\\\/?p=4113#breadcrumb\"},\"inLanguage\":\"es\",\"potentialAction\":[{\"@type\":\"ReadAction\",\"target\":[\"https:\\\/\\\/gadprdanielcordovatoral.gob.ec\\\/azuay2\\\/?p=4113\"]}]},{\"@type\":\"ImageObject\",\"inLanguage\":\"es\",\"@id\":\"https:\\\/\\\/gadprdanielcordovatoral.gob.ec\\\/azuay2\\\/?p=4113#primaryimage\",\"url\":\"https:\\\/\\\/gadprdanielcordovatoral.gob.ec\\\/azuay2\\\/wp-content\\\/uploads\\\/2026\\\/02\\\/625331669_1477403211055162_6372797513917537627_n.jpg\",\"contentUrl\":\"https:\\\/\\\/gadprdanielcordovatoral.gob.ec\\\/azuay2\\\/wp-content\\\/uploads\\\/2026\\\/02\\\/625331669_1477403211055162_6372797513917537627_n.jpg\",\"width\":1600,\"height\":1066},{\"@type\":\"BreadcrumbList\",\"@id\":\"https:\\\/\\\/gadprdanielcordovatoral.gob.ec\\\/azuay2\\\/?p=4113#breadcrumb\",\"itemListElement\":[{\"@type\":\"ListItem\",\"position\":1,\"name\":\"Home\",\"item\":\"https:\\\/\\\/gadprdanielcordovatoral.gob.ec\\\/azuay2\\\/\"},{\"@type\":\"ListItem\",\"position\":2,\"name\":\"Cabalgata \u00abUrkupi Kaway\u00bb I Edici\u00f3n, se desarroll\u00f3 con \u00e9xito por los 89 a\u00f1os de parroquializaci\u00f3n\"}]},{\"@type\":\"WebSite\",\"@id\":\"https:\\\/\\\/gadprdanielcordovatoral.gob.ec\\\/azuay2\\\/#website\",\"url\":\"https:\\\/\\\/gadprdanielcordovatoral.gob.ec\\\/azuay2\\\/\",\"name\":\"GAD Parroquial de Daniel C\u00f3rdova Toral\",\"description\":\"Sitio Oficial del GAD Parroquial Daniel C\u00f3rdova Toral Azuay\",\"publisher\":{\"@id\":\"https:\\\/\\\/gadprdanielcordovatoral.gob.ec\\\/azuay2\\\/#organization\"},\"potentialAction\":[{\"@type\":\"SearchAction\",\"target\":{\"@type\":\"EntryPoint\",\"urlTemplate\":\"https:\\\/\\\/gadprdanielcordovatoral.gob.ec\\\/azuay2\\\/?s={search_term_string}\"},\"query-input\":{\"@type\":\"PropertyValueSpecification\",\"valueRequired\":true,\"valueName\":\"search_term_string\"}}],\"inLanguage\":\"es\"},{\"@type\":\"Organization\",\"@id\":\"https:\\\/\\\/gadprdanielcordovatoral.gob.ec\\\/azuay2\\\/#organization\",\"name\":\"GAD Parroquial de Daniel Cordova Toral\",\"url\":\"https:\\\/\\\/gadprdanielcordovatoral.gob.ec\\\/azuay2\\\/\",\"logo\":{\"@type\":\"ImageObject\",\"inLanguage\":\"es\",\"@id\":\"https:\\\/\\\/gadprdanielcordovatoral.gob.ec\\\/azuay2\\\/#\\\/schema\\\/logo\\\/image\\\/\",\"url\":\"https:\\\/\\\/gadprdanielcordovatoral.gob.ec\\\/azuay2\\\/wp-content\\\/uploads\\\/2020\\\/07\\\/logoFooter.png\",\"contentUrl\":\"https:\\\/\\\/gadprdanielcordovatoral.gob.ec\\\/azuay2\\\/wp-content\\\/uploads\\\/2020\\\/07\\\/logoFooter.png\",\"width\":200,\"height\":150,\"caption\":\"GAD Parroquial de Daniel Cordova Toral\"},\"image\":{\"@id\":\"https:\\\/\\\/gadprdanielcordovatoral.gob.ec\\\/azuay2\\\/#\\\/schema\\\/logo\\\/image\\\/\"}},{\"@type\":\"Person\",\"@id\":\"https:\\\/\\\/gadprdanielcordovatoral.gob.ec\\\/azuay2\\\/#\\\/schema\\\/person\\\/a5ead4f8e52bb5bbbfdd443ca91303f2\",\"name\":\"gadprdanielcordovatoral\",\"image\":{\"@type\":\"ImageObject\",\"inLanguage\":\"es\",\"@id\":\"https:\\\/\\\/secure.gravatar.com\\\/avatar\\\/e1643d2e2a6373e4ffdbdc872f107ad4e7441a6fb39bdeeae230dc0ad0ca8a2d?s=96&d=mm&r=g\",\"url\":\"https:\\\/\\\/secure.gravatar.com\\\/avatar\\\/e1643d2e2a6373e4ffdbdc872f107ad4e7441a6fb39bdeeae230dc0ad0ca8a2d?s=96&d=mm&r=g\",\"contentUrl\":\"https:\\\/\\\/secure.gravatar.com\\\/avatar\\\/e1643d2e2a6373e4ffdbdc872f107ad4e7441a6fb39bdeeae230dc0ad0ca8a2d?s=96&d=mm&r=g\",\"caption\":\"gadprdanielcordovatoral\"},\"sameAs\":[\"http:\\\/\\\/gadprdanielcordovatoral.gob.ec\",\"https:\\\/\\\/www.facebook.com\\\/share\\\/14wk1nVs42\\\/?mibextid=wwXIfr\"],\"url\":\"https:\\\/\\\/gadprdanielcordovatoral.gob.ec\\\/azuay2\\\/?author=7\"}]}<\/script>\n<!-- \/ Yoast SEO plugin. -->","yoast_head_json":{"title":"Cabalgata \"Urkupi Kaway\" I Edici\u00f3n, se desarroll\u00f3 con \u00e9xito por los 89 a\u00f1os de parroquializaci\u00f3n -","robots":{"index":"index","follow":"follow","max-snippet":"max-snippet:-1","max-image-preview":"max-image-preview:large","max-video-preview":"max-video-preview:-1"},"canonical":"https:\/\/gadprdanielcordovatoral.gob.ec\/azuay2\/?p=4113","og_locale":"es_ES","og_type":"article","og_title":"Cabalgata \"Urkupi Kaway\" I Edici\u00f3n, se desarroll\u00f3 con \u00e9xito por los 89 a\u00f1os de parroquializaci\u00f3n -","og_description":"En conmemoraci\u00f3n de los 89 a\u00f1os de parroquializaci\u00f3n de Daniel C\u00f3rdova Toral, se llevaron a cabo una serie de actividades culturales y c\u00edvicas. Entre los eventos destacados, se realiz\u00f3 la primera edici\u00f3n de la Cabalgata \u00abUrkupi Kaway\u00bb, que reuni\u00f3 a entusiastas de los caballos y la naturaleza. Este recorrido, que tuvo una duraci\u00f3n aproximada de [&hellip;]","og_url":"https:\/\/gadprdanielcordovatoral.gob.ec\/azuay2\/?p=4113","article_author":"https:\/\/www.facebook.com\/share\/14wk1nVs42\/?mibextid=wwXIfr","article_published_time":"2026-02-23T19:33:46+00:00","article_modified_time":"2026-03-10T18:01:20+00:00","og_image":[{"width":1600,"height":1066,"url":"https:\/\/gadprdanielcordovatoral.gob.ec\/azuay2\/wp-content\/uploads\/2026\/02\/625331669_1477403211055162_6372797513917537627_n.jpg","type":"image\/jpeg"}],"author":"gadprdanielcordovatoral","twitter_card":"summary_large_image","twitter_misc":{"Escrito por":"gadprdanielcordovatoral","Tiempo de lectura":"2 minutos"},"schema":{"@context":"https:\/\/schema.org","@graph":[{"@type":"Article","@id":"https:\/\/gadprdanielcordovatoral.gob.ec\/azuay2\/?p=4113#article","isPartOf":{"@id":"https:\/\/gadprdanielcordovatoral.gob.ec\/azuay2\/?p=4113"},"author":{"name":"gadprdanielcordovatoral","@id":"https:\/\/gadprdanielcordovatoral.gob.ec\/azuay2\/#\/schema\/person\/a5ead4f8e52bb5bbbfdd443ca91303f2"},"headline":"Cabalgata \u00abUrkupi Kaway\u00bb I Edici\u00f3n, se desarroll\u00f3 con \u00e9xito por los 89 a\u00f1os de parroquializaci\u00f3n","datePublished":"2026-02-23T19:33:46+00:00","dateModified":"2026-03-10T18:01:20+00:00","mainEntityOfPage":{"@id":"https:\/\/gadprdanielcordovatoral.gob.ec\/azuay2\/?p=4113"},"wordCount":134,"publisher":{"@id":"https:\/\/gadprdanielcordovatoral.gob.ec\/azuay2\/#organization"},"image":{"@id":"https:\/\/gadprdanielcordovatoral.gob.ec\/azuay2\/?p=4113#primaryimage"},"thumbnailUrl":"https:\/\/gadprdanielcordovatoral.gob.ec\/azuay2\/wp-content\/uploads\/2026\/02\/625331669_1477403211055162_6372797513917537627_n.jpg","inLanguage":"es"},{"@type":"WebPage","@id":"https:\/\/gadprdanielcordovatoral.gob.ec\/azuay2\/?p=4113","url":"https:\/\/gadprdanielcordovatoral.gob.ec\/azuay2\/?p=4113","name":"Cabalgata \"Urkupi Kaway\" I Edici\u00f3n, se desarroll\u00f3 con \u00e9xito por los 89 a\u00f1os de parroquializaci\u00f3n -","isPartOf":{"@id":"https:\/\/gadprdanielcordovatoral.gob.ec\/azuay2\/#website"},"primaryImageOfPage":{"@id":"https:\/\/gadprdanielcordovatoral.gob.ec\/azuay2\/?p=4113#primaryimage"},"image":{"@id":"https:\/\/gadprdanielcordovatoral.gob.ec\/azuay2\/?p=4113#primaryimage"},"thumbnailUrl":"https:\/\/gadprdanielcordovatoral.gob.ec\/azuay2\/wp-content\/uploads\/2026\/02\/625331669_1477403211055162_6372797513917537627_n.jpg","datePublished":"2026-02-23T19:33:46+00:00","dateModified":"2026-03-10T18:01:20+00:00","breadcrumb":{"@id":"https:\/\/gadprdanielcordovatoral.gob.ec\/azuay2\/?p=4113#breadcrumb"},"inLanguage":"es","potentialAction":[{"@type":"ReadAction","target":["https:\/\/gadprdanielcordovatoral.gob.ec\/azuay2\/?p=4113"]}]},{"@type":"ImageObject","inLanguage":"es","@id":"https:\/\/gadprdanielcordovatoral.gob.ec\/azuay2\/?p=4113#primaryimage","url":"https:\/\/gadprdanielcordovatoral.gob.ec\/azuay2\/wp-content\/uploads\/2026\/02\/625331669_1477403211055162_6372797513917537627_n.jpg","contentUrl":"https:\/\/gadprdanielcordovatoral.gob.ec\/azuay2\/wp-content\/uploads\/2026\/02\/625331669_1477403211055162_6372797513917537627_n.jpg","width":1600,"height":1066},{"@type":"BreadcrumbList","@id":"https:\/\/gadprdanielcordovatoral.gob.ec\/azuay2\/?p=4113#breadcrumb","itemListElement":[{"@type":"ListItem","position":1,"name":"Home","item":"https:\/\/gadprdanielcordovatoral.gob.ec\/azuay2\/"},{"@type":"ListItem","position":2,"name":"Cabalgata \u00abUrkupi Kaway\u00bb I Edici\u00f3n, se desarroll\u00f3 con \u00e9xito por los 89 a\u00f1os de parroquializaci\u00f3n"}]},{"@type":"WebSite","@id":"https:\/\/gadprdanielcordovatoral.gob.ec\/azuay2\/#website","url":"https:\/\/gadprdanielcordovatoral.gob.ec\/azuay2\/","name":"GAD Parroquial de Daniel C\u00f3rdova Toral","description":"Sitio Oficial del GAD Parroquial Daniel C\u00f3rdova Toral Azuay","publisher":{"@id":"https:\/\/gadprdanielcordovatoral.gob.ec\/azuay2\/#organization"},"potentialAction":[{"@type":"SearchAction","target":{"@type":"EntryPoint","urlTemplate":"https:\/\/gadprdanielcordovatoral.gob.ec\/azuay2\/?s={search_term_string}"},"query-input":{"@type":"PropertyValueSpecification","valueRequired":true,"valueName":"search_term_string"}}],"inLanguage":"es"},{"@type":"Organization","@id":"https:\/\/gadprdanielcordovatoral.gob.ec\/azuay2\/#organization","name":"GAD Parroquial de Daniel Cordova Toral","url":"https:\/\/gadprdanielcordovatoral.gob.ec\/azuay2\/","logo":{"@type":"ImageObject","inLanguage":"es","@id":"https:\/\/gadprdanielcordovatoral.gob.ec\/azuay2\/#\/schema\/logo\/image\/","url":"https:\/\/gadprdanielcordovatoral.gob.ec\/azuay2\/wp-content\/uploads\/2020\/07\/logoFooter.png","contentUrl":"https:\/\/gadprdanielcordovatoral.gob.ec\/azuay2\/wp-content\/uploads\/2020\/07\/logoFooter.png","width":200,"height":150,"caption":"GAD Parroquial de Daniel Cordova Toral"},"image":{"@id":"https:\/\/gadprdanielcordovatoral.gob.ec\/azuay2\/#\/schema\/logo\/image\/"}},{"@type":"Person","@id":"https:\/\/gadprdanielcordovatoral.gob.ec\/azuay2\/#\/schema\/person\/a5ead4f8e52bb5bbbfdd443ca91303f2","name":"gadprdanielcordovatoral","image":{"@type":"ImageObject","inLanguage":"es","@id":"https:\/\/secure.gravatar.com\/avatar\/e1643d2e2a6373e4ffdbdc872f107ad4e7441a6fb39bdeeae230dc0ad0ca8a2d?s=96&d=mm&r=g","url":"https:\/\/secure.gravatar.com\/avatar\/e1643d2e2a6373e4ffdbdc872f107ad4e7441a6fb39bdeeae230dc0ad0ca8a2d?s=96&d=mm&r=g","contentUrl":"https:\/\/secure.gravatar.com\/avatar\/e1643d2e2a6373e4ffdbdc872f107ad4e7441a6fb39bdeeae230dc0ad0ca8a2d?s=96&d=mm&r=g","caption":"gadprdanielcordovatoral"},"sameAs":["http:\/\/gadprdanielcordovatoral.gob.ec","https:\/\/www.facebook.com\/share\/14wk1nVs42\/?mibextid=wwXIfr"],"url":"https:\/\/gadprdanielcordovatoral.gob.ec\/azuay2\/?author=7"}]}},"_links":{"self":[{"href":"https:\/\/gadprdanielcordovatoral.gob.ec\/azuay2\/index.php?rest_route=\/wp\/v2\/posts\/4113","targetHints":{"allow":["GET"]}}],"collection":[{"href":"https:\/\/gadprdanielcordovatoral.gob.ec\/azuay2\/index.php?rest_route=\/wp\/v2\/posts"}],"about":[{"href":"https:\/\/gadprdanielcordovatoral.gob.ec\/azuay2\/index.php?rest_route=\/wp\/v2\/types\/post"}],"author":[{"embeddable":true,"href":"https:\/\/gadprdanielcordovatoral.gob.ec\/azuay2\/index.php?rest_route=\/wp\/v2\/users\/7"}],"replies":[{"embeddable":true,"href":"https:\/\/gadprdanielcordovatoral.gob.ec\/azuay2\/index.php?rest_route=%2Fwp%2Fv2%2Fcomments&post=4113"}],"version-history":[{"count":7,"href":"https:\/\/gadprdanielcordovatoral.gob.ec\/azuay2\/index.php?rest_route=\/wp\/v2\/posts\/4113\/revisions"}],"predecessor-version":[{"id":4127,"href":"https:\/\/gadprdanielcordovatoral.gob.ec\/azuay2\/index.php?rest_route=\/wp\/v2\/posts\/4113\/revisions\/4127"}],"wp:featuredmedia":[{"embeddable":true,"href":"https:\/\/gadprdanielcordovatoral.gob.ec\/azuay2\/index.php?rest_route=\/wp\/v2\/media\/4118"}],"wp:attachment":[{"href":"https:\/\/gadprdanielcordovatoral.gob.ec\/azuay2\/index.php?rest_route=%2Fwp%2Fv2%2Fmedia&parent=4113"}],"wp:term":[{"taxonomy":"category","embeddable":true,"href":"https:\/\/gadprdanielcordovatoral.gob.ec\/azuay2\/index.php?rest_route=%2Fwp%2Fv2%2Fcategories&post=4113"},{"taxonomy":"post_tag","embeddable":true,"href":"https:\/\/gadprdanielcordovatoral.gob.ec\/azuay2\/index.php?rest_route=%2Fwp%2Fv2%2Ftags&post=4113"}],"curies":[{"name":"wp","href":"https:\/\/api.w.org\/{rel}","templated":true}]}}