{"id":4229,"date":"2026-04-29T16:32:14","date_gmt":"2026-04-29T21:32:14","guid":{"rendered":"https:\/\/gadprdanielcordovatoral.gob.ec\/azuay2\/?p=4229"},"modified":"2026-04-29T16:32:14","modified_gmt":"2026-04-29T21:32:14","slug":"avanzamos-con-organizacion-y-participacion","status":"publish","type":"post","link":"https:\/\/gadprdanielcordovatoral.gob.ec\/azuay2\/?p=4229","title":{"rendered":"Avanzamos con organizaci\u00f3n y participaci\u00f3n"},"content":{"rendered":"<p>Mantuvimos una reuni\u00f3n con los beneficiarios de la primera etapa del Proyecto de Alcantarillado de nuestra parroquia, donde coordinamos c\u00f3mo se llevar\u00e1n a cabo los trabajos para dar inicio a esta obra tan esperada.<\/p>\n<h2>Socializaci\u00f3n de nombres de calles c\u00e9ntricas de la parroquia<\/h2>\n<p>En este espacio tambi\u00e9n se retom\u00f3 la socializaci\u00f3n de los nombres que ser\u00e1n colocados en las calles c\u00e9ntricas de la parroquia. Este proceso ya hab\u00eda sido trabajado a\u00f1os atr\u00e1s en administraciones anteriores y ahora se concreta para fortalecer nuestra identidad local.<\/p>\n<p>\ud83e\udd1d Con planificaci\u00f3n y esfuerzo conjunto, seguimos impulsando este proyecto fundamental para el bienestar y desarrollo de nuestra parroquia.<\/p>\n<p><a href=\"https:\/\/gadprdanielcordovatoral.gob.ec\/azuay2\/?attachment_id=4272\" rel=\"attachment wp-att-4272\"><img fetchpriority=\"high\" decoding=\"async\" class=\"alignnone  wp-image-4272\" src=\"https:\/\/gadprdanielcordovatoral.gob.ec\/azuay2\/wp-content\/uploads\/2026\/04\/672095454_1544350991027050_894307331131005081_n-550x413.jpg\" alt=\"\" width=\"340\" height=\"255\" srcset=\"https:\/\/gadprdanielcordovatoral.gob.ec\/azuay2\/wp-content\/uploads\/2026\/04\/672095454_1544350991027050_894307331131005081_n-550x413.jpg 550w, https:\/\/gadprdanielcordovatoral.gob.ec\/azuay2\/wp-content\/uploads\/2026\/04\/672095454_1544350991027050_894307331131005081_n-1024x768.jpg 1024w, https:\/\/gadprdanielcordovatoral.gob.ec\/azuay2\/wp-content\/uploads\/2026\/04\/672095454_1544350991027050_894307331131005081_n-768x576.jpg 768w, https:\/\/gadprdanielcordovatoral.gob.ec\/azuay2\/wp-content\/uploads\/2026\/04\/672095454_1544350991027050_894307331131005081_n-1536x1152.jpg 1536w, https:\/\/gadprdanielcordovatoral.gob.ec\/azuay2\/wp-content\/uploads\/2026\/04\/672095454_1544350991027050_894307331131005081_n.jpg 2048w\" sizes=\"(max-width: 340px) 100vw, 340px\" \/><\/a><\/p>\n","protected":false},"excerpt":{"rendered":"<p>Mantuvimos una reuni\u00f3n con los beneficiarios de la primera etapa del Proyecto de Alcantarillado de nuestra parroquia, donde coordinamos c\u00f3mo se llevar\u00e1n a cabo los trabajos para dar inicio a esta obra tan esperada. Socializaci\u00f3n de nombres de calles c\u00e9ntricas de la parroquia En este espacio tambi\u00e9n se retom\u00f3 la socializaci\u00f3n de los nombres que [&hellip;]<\/p>\n","protected":false},"author":7,"featured_media":4272,"comment_status":"closed","ping_status":"closed","sticky":false,"template":"","format":"standard","meta":{"footnotes":""},"categories":[1],"tags":[],"class_list":["post-4229","post","type-post","status-publish","format-standard","has-post-thumbnail","hentry","category-sin-categoria"],"yoast_head":"<!-- This site is optimized with the Yoast SEO plugin v27.5 - https:\/\/yoast.com\/product\/yoast-seo-wordpress\/ -->\n<title>Avanzamos con organizaci\u00f3n y participaci\u00f3n -<\/title>\n<meta name=\"robots\" content=\"index, follow, max-snippet:-1, max-image-preview:large, max-video-preview:-1\" \/>\n<link rel=\"canonical\" href=\"https:\/\/gadprdanielcordovatoral.gob.ec\/azuay2\/?p=4229\" \/>\n<meta property=\"og:locale\" content=\"es_ES\" \/>\n<meta property=\"og:type\" content=\"article\" \/>\n<meta property=\"og:title\" content=\"Avanzamos con organizaci\u00f3n y participaci\u00f3n -\" \/>\n<meta property=\"og:description\" content=\"Mantuvimos una reuni\u00f3n con los beneficiarios de la primera etapa del Proyecto de Alcantarillado de nuestra parroquia, donde coordinamos c\u00f3mo se llevar\u00e1n a cabo los trabajos para dar inicio a esta obra tan esperada. Socializaci\u00f3n de nombres de calles c\u00e9ntricas de la parroquia En este espacio tambi\u00e9n se retom\u00f3 la socializaci\u00f3n de los nombres que [&hellip;]\" \/>\n<meta property=\"og:url\" content=\"https:\/\/gadprdanielcordovatoral.gob.ec\/azuay2\/?p=4229\" \/>\n<meta property=\"article:author\" content=\"https:\/\/www.facebook.com\/share\/14wk1nVs42\/?mibextid=wwXIfr\" \/>\n<meta property=\"article:published_time\" content=\"2026-04-29T21:32:14+00:00\" \/>\n<meta property=\"og:image\" content=\"https:\/\/gadprdanielcordovatoral.gob.ec\/azuay2\/wp-content\/uploads\/2026\/04\/672095454_1544350991027050_894307331131005081_n.jpg\" \/>\n\t<meta property=\"og:image:width\" content=\"2048\" \/>\n\t<meta property=\"og:image:height\" content=\"1536\" \/>\n\t<meta property=\"og:image:type\" content=\"image\/jpeg\" \/>\n<meta name=\"author\" content=\"gadprdanielcordovatoral\" \/>\n<meta name=\"twitter:card\" content=\"summary_large_image\" \/>\n<meta name=\"twitter:label1\" content=\"Escrito por\" \/>\n\t<meta name=\"twitter:data1\" content=\"gadprdanielcordovatoral\" \/>\n\t<meta name=\"twitter:label2\" content=\"Tiempo de lectura\" \/>\n\t<meta name=\"twitter:data2\" content=\"1 minuto\" \/>\n<script type=\"application\/ld+json\" class=\"yoast-schema-graph\">{\"@context\":\"https:\\\/\\\/schema.org\",\"@graph\":[{\"@type\":\"Article\",\"@id\":\"https:\\\/\\\/gadprdanielcordovatoral.gob.ec\\\/azuay2\\\/?p=4229#article\",\"isPartOf\":{\"@id\":\"https:\\\/\\\/gadprdanielcordovatoral.gob.ec\\\/azuay2\\\/?p=4229\"},\"author\":{\"name\":\"gadprdanielcordovatoral\",\"@id\":\"https:\\\/\\\/gadprdanielcordovatoral.gob.ec\\\/azuay2\\\/#\\\/schema\\\/person\\\/a5ead4f8e52bb5bbbfdd443ca91303f2\"},\"headline\":\"Avanzamos con organizaci\u00f3n y participaci\u00f3n\",\"datePublished\":\"2026-04-29T21:32:14+00:00\",\"mainEntityOfPage\":{\"@id\":\"https:\\\/\\\/gadprdanielcordovatoral.gob.ec\\\/azuay2\\\/?p=4229\"},\"wordCount\":122,\"publisher\":{\"@id\":\"https:\\\/\\\/gadprdanielcordovatoral.gob.ec\\\/azuay2\\\/#organization\"},\"image\":{\"@id\":\"https:\\\/\\\/gadprdanielcordovatoral.gob.ec\\\/azuay2\\\/?p=4229#primaryimage\"},\"thumbnailUrl\":\"https:\\\/\\\/gadprdanielcordovatoral.gob.ec\\\/azuay2\\\/wp-content\\\/uploads\\\/2026\\\/04\\\/672095454_1544350991027050_894307331131005081_n.jpg\",\"inLanguage\":\"es\"},{\"@type\":\"WebPage\",\"@id\":\"https:\\\/\\\/gadprdanielcordovatoral.gob.ec\\\/azuay2\\\/?p=4229\",\"url\":\"https:\\\/\\\/gadprdanielcordovatoral.gob.ec\\\/azuay2\\\/?p=4229\",\"name\":\"Avanzamos con organizaci\u00f3n y participaci\u00f3n -\",\"isPartOf\":{\"@id\":\"https:\\\/\\\/gadprdanielcordovatoral.gob.ec\\\/azuay2\\\/#website\"},\"primaryImageOfPage\":{\"@id\":\"https:\\\/\\\/gadprdanielcordovatoral.gob.ec\\\/azuay2\\\/?p=4229#primaryimage\"},\"image\":{\"@id\":\"https:\\\/\\\/gadprdanielcordovatoral.gob.ec\\\/azuay2\\\/?p=4229#primaryimage\"},\"thumbnailUrl\":\"https:\\\/\\\/gadprdanielcordovatoral.gob.ec\\\/azuay2\\\/wp-content\\\/uploads\\\/2026\\\/04\\\/672095454_1544350991027050_894307331131005081_n.jpg\",\"datePublished\":\"2026-04-29T21:32:14+00:00\",\"breadcrumb\":{\"@id\":\"https:\\\/\\\/gadprdanielcordovatoral.gob.ec\\\/azuay2\\\/?p=4229#breadcrumb\"},\"inLanguage\":\"es\",\"potentialAction\":[{\"@type\":\"ReadAction\",\"target\":[\"https:\\\/\\\/gadprdanielcordovatoral.gob.ec\\\/azuay2\\\/?p=4229\"]}]},{\"@type\":\"ImageObject\",\"inLanguage\":\"es\",\"@id\":\"https:\\\/\\\/gadprdanielcordovatoral.gob.ec\\\/azuay2\\\/?p=4229#primaryimage\",\"url\":\"https:\\\/\\\/gadprdanielcordovatoral.gob.ec\\\/azuay2\\\/wp-content\\\/uploads\\\/2026\\\/04\\\/672095454_1544350991027050_894307331131005081_n.jpg\",\"contentUrl\":\"https:\\\/\\\/gadprdanielcordovatoral.gob.ec\\\/azuay2\\\/wp-content\\\/uploads\\\/2026\\\/04\\\/672095454_1544350991027050_894307331131005081_n.jpg\",\"width\":2048,\"height\":1536},{\"@type\":\"BreadcrumbList\",\"@id\":\"https:\\\/\\\/gadprdanielcordovatoral.gob.ec\\\/azuay2\\\/?p=4229#breadcrumb\",\"itemListElement\":[{\"@type\":\"ListItem\",\"position\":1,\"name\":\"Home\",\"item\":\"https:\\\/\\\/gadprdanielcordovatoral.gob.ec\\\/azuay2\\\/\"},{\"@type\":\"ListItem\",\"position\":2,\"name\":\"Avanzamos con organizaci\u00f3n y participaci\u00f3n\"}]},{\"@type\":\"WebSite\",\"@id\":\"https:\\\/\\\/gadprdanielcordovatoral.gob.ec\\\/azuay2\\\/#website\",\"url\":\"https:\\\/\\\/gadprdanielcordovatoral.gob.ec\\\/azuay2\\\/\",\"name\":\"GAD Parroquial de Daniel C\u00f3rdova Toral\",\"description\":\"Sitio Oficial del GAD Parroquial Daniel C\u00f3rdova Toral Azuay\",\"publisher\":{\"@id\":\"https:\\\/\\\/gadprdanielcordovatoral.gob.ec\\\/azuay2\\\/#organization\"},\"potentialAction\":[{\"@type\":\"SearchAction\",\"target\":{\"@type\":\"EntryPoint\",\"urlTemplate\":\"https:\\\/\\\/gadprdanielcordovatoral.gob.ec\\\/azuay2\\\/?s={search_term_string}\"},\"query-input\":{\"@type\":\"PropertyValueSpecification\",\"valueRequired\":true,\"valueName\":\"search_term_string\"}}],\"inLanguage\":\"es\"},{\"@type\":\"Organization\",\"@id\":\"https:\\\/\\\/gadprdanielcordovatoral.gob.ec\\\/azuay2\\\/#organization\",\"name\":\"GAD Parroquial de Daniel Cordova Toral\",\"url\":\"https:\\\/\\\/gadprdanielcordovatoral.gob.ec\\\/azuay2\\\/\",\"logo\":{\"@type\":\"ImageObject\",\"inLanguage\":\"es\",\"@id\":\"https:\\\/\\\/gadprdanielcordovatoral.gob.ec\\\/azuay2\\\/#\\\/schema\\\/logo\\\/image\\\/\",\"url\":\"https:\\\/\\\/gadprdanielcordovatoral.gob.ec\\\/azuay2\\\/wp-content\\\/uploads\\\/2020\\\/07\\\/logoFooter.png\",\"contentUrl\":\"https:\\\/\\\/gadprdanielcordovatoral.gob.ec\\\/azuay2\\\/wp-content\\\/uploads\\\/2020\\\/07\\\/logoFooter.png\",\"width\":200,\"height\":150,\"caption\":\"GAD Parroquial de Daniel Cordova Toral\"},\"image\":{\"@id\":\"https:\\\/\\\/gadprdanielcordovatoral.gob.ec\\\/azuay2\\\/#\\\/schema\\\/logo\\\/image\\\/\"}},{\"@type\":\"Person\",\"@id\":\"https:\\\/\\\/gadprdanielcordovatoral.gob.ec\\\/azuay2\\\/#\\\/schema\\\/person\\\/a5ead4f8e52bb5bbbfdd443ca91303f2\",\"name\":\"gadprdanielcordovatoral\",\"image\":{\"@type\":\"ImageObject\",\"inLanguage\":\"es\",\"@id\":\"https:\\\/\\\/secure.gravatar.com\\\/avatar\\\/e1643d2e2a6373e4ffdbdc872f107ad4e7441a6fb39bdeeae230dc0ad0ca8a2d?s=96&d=mm&r=g\",\"url\":\"https:\\\/\\\/secure.gravatar.com\\\/avatar\\\/e1643d2e2a6373e4ffdbdc872f107ad4e7441a6fb39bdeeae230dc0ad0ca8a2d?s=96&d=mm&r=g\",\"contentUrl\":\"https:\\\/\\\/secure.gravatar.com\\\/avatar\\\/e1643d2e2a6373e4ffdbdc872f107ad4e7441a6fb39bdeeae230dc0ad0ca8a2d?s=96&d=mm&r=g\",\"caption\":\"gadprdanielcordovatoral\"},\"sameAs\":[\"http:\\\/\\\/gadprdanielcordovatoral.gob.ec\",\"https:\\\/\\\/www.facebook.com\\\/share\\\/14wk1nVs42\\\/?mibextid=wwXIfr\"],\"url\":\"https:\\\/\\\/gadprdanielcordovatoral.gob.ec\\\/azuay2\\\/?author=7\"}]}<\/script>\n<!-- \/ Yoast SEO plugin. -->","yoast_head_json":{"title":"Avanzamos con organizaci\u00f3n y participaci\u00f3n -","robots":{"index":"index","follow":"follow","max-snippet":"max-snippet:-1","max-image-preview":"max-image-preview:large","max-video-preview":"max-video-preview:-1"},"canonical":"https:\/\/gadprdanielcordovatoral.gob.ec\/azuay2\/?p=4229","og_locale":"es_ES","og_type":"article","og_title":"Avanzamos con organizaci\u00f3n y participaci\u00f3n -","og_description":"Mantuvimos una reuni\u00f3n con los beneficiarios de la primera etapa del Proyecto de Alcantarillado de nuestra parroquia, donde coordinamos c\u00f3mo se llevar\u00e1n a cabo los trabajos para dar inicio a esta obra tan esperada. Socializaci\u00f3n de nombres de calles c\u00e9ntricas de la parroquia En este espacio tambi\u00e9n se retom\u00f3 la socializaci\u00f3n de los nombres que [&hellip;]","og_url":"https:\/\/gadprdanielcordovatoral.gob.ec\/azuay2\/?p=4229","article_author":"https:\/\/www.facebook.com\/share\/14wk1nVs42\/?mibextid=wwXIfr","article_published_time":"2026-04-29T21:32:14+00:00","og_image":[{"width":2048,"height":1536,"url":"https:\/\/gadprdanielcordovatoral.gob.ec\/azuay2\/wp-content\/uploads\/2026\/04\/672095454_1544350991027050_894307331131005081_n.jpg","type":"image\/jpeg"}],"author":"gadprdanielcordovatoral","twitter_card":"summary_large_image","twitter_misc":{"Escrito por":"gadprdanielcordovatoral","Tiempo de lectura":"1 minuto"},"schema":{"@context":"https:\/\/schema.org","@graph":[{"@type":"Article","@id":"https:\/\/gadprdanielcordovatoral.gob.ec\/azuay2\/?p=4229#article","isPartOf":{"@id":"https:\/\/gadprdanielcordovatoral.gob.ec\/azuay2\/?p=4229"},"author":{"name":"gadprdanielcordovatoral","@id":"https:\/\/gadprdanielcordovatoral.gob.ec\/azuay2\/#\/schema\/person\/a5ead4f8e52bb5bbbfdd443ca91303f2"},"headline":"Avanzamos con organizaci\u00f3n y participaci\u00f3n","datePublished":"2026-04-29T21:32:14+00:00","mainEntityOfPage":{"@id":"https:\/\/gadprdanielcordovatoral.gob.ec\/azuay2\/?p=4229"},"wordCount":122,"publisher":{"@id":"https:\/\/gadprdanielcordovatoral.gob.ec\/azuay2\/#organization"},"image":{"@id":"https:\/\/gadprdanielcordovatoral.gob.ec\/azuay2\/?p=4229#primaryimage"},"thumbnailUrl":"https:\/\/gadprdanielcordovatoral.gob.ec\/azuay2\/wp-content\/uploads\/2026\/04\/672095454_1544350991027050_894307331131005081_n.jpg","inLanguage":"es"},{"@type":"WebPage","@id":"https:\/\/gadprdanielcordovatoral.gob.ec\/azuay2\/?p=4229","url":"https:\/\/gadprdanielcordovatoral.gob.ec\/azuay2\/?p=4229","name":"Avanzamos con organizaci\u00f3n y participaci\u00f3n -","isPartOf":{"@id":"https:\/\/gadprdanielcordovatoral.gob.ec\/azuay2\/#website"},"primaryImageOfPage":{"@id":"https:\/\/gadprdanielcordovatoral.gob.ec\/azuay2\/?p=4229#primaryimage"},"image":{"@id":"https:\/\/gadprdanielcordovatoral.gob.ec\/azuay2\/?p=4229#primaryimage"},"thumbnailUrl":"https:\/\/gadprdanielcordovatoral.gob.ec\/azuay2\/wp-content\/uploads\/2026\/04\/672095454_1544350991027050_894307331131005081_n.jpg","datePublished":"2026-04-29T21:32:14+00:00","breadcrumb":{"@id":"https:\/\/gadprdanielcordovatoral.gob.ec\/azuay2\/?p=4229#breadcrumb"},"inLanguage":"es","potentialAction":[{"@type":"ReadAction","target":["https:\/\/gadprdanielcordovatoral.gob.ec\/azuay2\/?p=4229"]}]},{"@type":"ImageObject","inLanguage":"es","@id":"https:\/\/gadprdanielcordovatoral.gob.ec\/azuay2\/?p=4229#primaryimage","url":"https:\/\/gadprdanielcordovatoral.gob.ec\/azuay2\/wp-content\/uploads\/2026\/04\/672095454_1544350991027050_894307331131005081_n.jpg","contentUrl":"https:\/\/gadprdanielcordovatoral.gob.ec\/azuay2\/wp-content\/uploads\/2026\/04\/672095454_1544350991027050_894307331131005081_n.jpg","width":2048,"height":1536},{"@type":"BreadcrumbList","@id":"https:\/\/gadprdanielcordovatoral.gob.ec\/azuay2\/?p=4229#breadcrumb","itemListElement":[{"@type":"ListItem","position":1,"name":"Home","item":"https:\/\/gadprdanielcordovatoral.gob.ec\/azuay2\/"},{"@type":"ListItem","position":2,"name":"Avanzamos con organizaci\u00f3n y participaci\u00f3n"}]},{"@type":"WebSite","@id":"https:\/\/gadprdanielcordovatoral.gob.ec\/azuay2\/#website","url":"https:\/\/gadprdanielcordovatoral.gob.ec\/azuay2\/","name":"GAD Parroquial de Daniel C\u00f3rdova Toral","description":"Sitio Oficial del GAD Parroquial Daniel C\u00f3rdova Toral Azuay","publisher":{"@id":"https:\/\/gadprdanielcordovatoral.gob.ec\/azuay2\/#organization"},"potentialAction":[{"@type":"SearchAction","target":{"@type":"EntryPoint","urlTemplate":"https:\/\/gadprdanielcordovatoral.gob.ec\/azuay2\/?s={search_term_string}"},"query-input":{"@type":"PropertyValueSpecification","valueRequired":true,"valueName":"search_term_string"}}],"inLanguage":"es"},{"@type":"Organization","@id":"https:\/\/gadprdanielcordovatoral.gob.ec\/azuay2\/#organization","name":"GAD Parroquial de Daniel Cordova Toral","url":"https:\/\/gadprdanielcordovatoral.gob.ec\/azuay2\/","logo":{"@type":"ImageObject","inLanguage":"es","@id":"https:\/\/gadprdanielcordovatoral.gob.ec\/azuay2\/#\/schema\/logo\/image\/","url":"https:\/\/gadprdanielcordovatoral.gob.ec\/azuay2\/wp-content\/uploads\/2020\/07\/logoFooter.png","contentUrl":"https:\/\/gadprdanielcordovatoral.gob.ec\/azuay2\/wp-content\/uploads\/2020\/07\/logoFooter.png","width":200,"height":150,"caption":"GAD Parroquial de Daniel Cordova Toral"},"image":{"@id":"https:\/\/gadprdanielcordovatoral.gob.ec\/azuay2\/#\/schema\/logo\/image\/"}},{"@type":"Person","@id":"https:\/\/gadprdanielcordovatoral.gob.ec\/azuay2\/#\/schema\/person\/a5ead4f8e52bb5bbbfdd443ca91303f2","name":"gadprdanielcordovatoral","image":{"@type":"ImageObject","inLanguage":"es","@id":"https:\/\/secure.gravatar.com\/avatar\/e1643d2e2a6373e4ffdbdc872f107ad4e7441a6fb39bdeeae230dc0ad0ca8a2d?s=96&d=mm&r=g","url":"https:\/\/secure.gravatar.com\/avatar\/e1643d2e2a6373e4ffdbdc872f107ad4e7441a6fb39bdeeae230dc0ad0ca8a2d?s=96&d=mm&r=g","contentUrl":"https:\/\/secure.gravatar.com\/avatar\/e1643d2e2a6373e4ffdbdc872f107ad4e7441a6fb39bdeeae230dc0ad0ca8a2d?s=96&d=mm&r=g","caption":"gadprdanielcordovatoral"},"sameAs":["http:\/\/gadprdanielcordovatoral.gob.ec","https:\/\/www.facebook.com\/share\/14wk1nVs42\/?mibextid=wwXIfr"],"url":"https:\/\/gadprdanielcordovatoral.gob.ec\/azuay2\/?author=7"}]}},"_links":{"self":[{"href":"https:\/\/gadprdanielcordovatoral.gob.ec\/azuay2\/index.php?rest_route=\/wp\/v2\/posts\/4229","targetHints":{"allow":["GET"]}}],"collection":[{"href":"https:\/\/gadprdanielcordovatoral.gob.ec\/azuay2\/index.php?rest_route=\/wp\/v2\/posts"}],"about":[{"href":"https:\/\/gadprdanielcordovatoral.gob.ec\/azuay2\/index.php?rest_route=\/wp\/v2\/types\/post"}],"author":[{"embeddable":true,"href":"https:\/\/gadprdanielcordovatoral.gob.ec\/azuay2\/index.php?rest_route=\/wp\/v2\/users\/7"}],"replies":[{"embeddable":true,"href":"https:\/\/gadprdanielcordovatoral.gob.ec\/azuay2\/index.php?rest_route=%2Fwp%2Fv2%2Fcomments&post=4229"}],"version-history":[{"count":1,"href":"https:\/\/gadprdanielcordovatoral.gob.ec\/azuay2\/index.php?rest_route=\/wp\/v2\/posts\/4229\/revisions"}],"predecessor-version":[{"id":4273,"href":"https:\/\/gadprdanielcordovatoral.gob.ec\/azuay2\/index.php?rest_route=\/wp\/v2\/posts\/4229\/revisions\/4273"}],"wp:featuredmedia":[{"embeddable":true,"href":"https:\/\/gadprdanielcordovatoral.gob.ec\/azuay2\/index.php?rest_route=\/wp\/v2\/media\/4272"}],"wp:attachment":[{"href":"https:\/\/gadprdanielcordovatoral.gob.ec\/azuay2\/index.php?rest_route=%2Fwp%2Fv2%2Fmedia&parent=4229"}],"wp:term":[{"taxonomy":"category","embeddable":true,"href":"https:\/\/gadprdanielcordovatoral.gob.ec\/azuay2\/index.php?rest_route=%2Fwp%2Fv2%2Fcategories&post=4229"},{"taxonomy":"post_tag","embeddable":true,"href":"https:\/\/gadprdanielcordovatoral.gob.ec\/azuay2\/index.php?rest_route=%2Fwp%2Fv2%2Ftags&post=4229"}],"curies":[{"name":"wp","href":"https:\/\/api.w.org\/{rel}","templated":true}]}}